{"id":3024,"date":"2026-01-23T09:00:00","date_gmt":"2026-01-23T15:00:00","guid":{"rendered":"https:\/\/www.ctu.com.mx\/casas-en-venta\/?p=3024"},"modified":"2026-01-21T11:31:26","modified_gmt":"2026-01-21T17:31:26","slug":"como-disenar-una-casa-funcional-sin-sacrificar-estetica","status":"publish","type":"post","link":"https:\/\/www.ctu.com.mx\/casas-en-venta\/blog\/como-disenar-una-casa-funcional-sin-sacrificar-estetica\/","title":{"rendered":"C\u00f3mo dise\u00f1ar una casa funcional sin sacrificar est\u00e9tica"},"content":{"rendered":"\n<p>Existe la creencia de que una casa funcional debe ser simple y que una casa est\u00e9tica suele sacrificar comodidad. Sin embargo, el dise\u00f1o contempor\u00e1neo demuestra que funcionalidad y est\u00e9tica no solo pueden coexistir, sino complementarse. Este art\u00edculo explora c\u00f3mo dise\u00f1ar una vivienda que responda eficientemente a las necesidades diarias sin renunciar a la belleza, creando espacios arm\u00f3nicos, pr\u00e1cticos y duraderos.<\/p>\n\n\n\n<hr class=\"wp-block-separator has-alpha-channel-opacity\"\/>\n\n\n\n<p>El dise\u00f1o de una casa no debe limitarse a su apariencia visual. Una vivienda verdaderamente bien dise\u00f1ada es aquella que facilita la vida cotidiana, optimiza recursos y, al mismo tiempo, genera sensaciones de armon\u00eda y confort.<\/p>\n\n\n\n<p>Hoy m\u00e1s que nunca, el hogar cumple m\u00faltiples funciones: espacio de descanso, trabajo, convivencia y expresi\u00f3n personal. Por ello, el reto del dise\u00f1o actual consiste en integrar funcionalidad y est\u00e9tica de manera inteligente y coherente.<\/p>\n\n\n\n<h2 class=\"wp-block-heading\"><strong>1. Funcionalidad: dise\u00f1o pensado para la vida diaria<\/strong><\/h2>\n\n\n\n<p>Una casa funcional es aquella que responde a las necesidades reales de quienes la habitan. Esto implica:<\/p>\n\n\n\n<ul class=\"wp-block-list\">\n<li>Distribuciones l\u00f3gicas<\/li>\n\n\n\n<li>Espacios bien definidos<\/li>\n\n\n\n<li>Almacenamiento suficiente<\/li>\n\n\n\n<li>Materiales resistentes y f\u00e1ciles de mantener<\/li>\n<\/ul>\n\n\n\n<p>La funcionalidad no se percibe de inmediato, pero se experimenta todos los d\u00edas.<\/p>\n\n\n\n<h2 class=\"wp-block-heading\"><strong>2. La est\u00e9tica como experiencia, no como adorno<\/strong><\/h2>\n\n\n\n<p>La est\u00e9tica va m\u00e1s all\u00e1 de lo visual. Colores, texturas, materiales y formas influyen directamente en el estado de \u00e1nimo y en la percepci\u00f3n del espacio.<\/p>\n\n\n\n<p>Un buen dise\u00f1o est\u00e9tico:<\/p>\n\n\n\n<ul class=\"wp-block-list\">\n<li>Genera calma y orden<\/li>\n\n\n\n<li>Refuerza la identidad del hogar<\/li>\n\n\n\n<li>Aporta sensaci\u00f3n de amplitud y luz<\/li>\n\n\n\n<li>Comunica coherencia y personalidad<\/li>\n<\/ul>\n\n\n\n<p>La belleza, cuando tiene prop\u00f3sito, se vuelve atemporal.<\/p>\n\n\n\n<h2 class=\"wp-block-heading\"><strong>3. Integraci\u00f3n inteligente de ambos conceptos<\/strong><\/h2>\n\n\n\n<p>El verdadero valor del dise\u00f1o surge cuando funcionalidad y est\u00e9tica trabajan juntas. Ejemplos claros de esta integraci\u00f3n incluyen:<\/p>\n\n\n\n<ul class=\"wp-block-list\">\n<li>Cocinas abiertas que facilitan la convivencia<\/li>\n\n\n\n<li>Muebles integrados que optimizan el espacio<\/li>\n\n\n\n<li>Iluminaci\u00f3n natural como elemento funcional y visual<\/li>\n\n\n\n<li>Materiales que combinan durabilidad con dise\u00f1o<\/li>\n<\/ul>\n\n\n\n<p>Aqu\u00ed, cada elemento cumple una doble funci\u00f3n: servir y comunicar.<\/p>\n\n\n\n<h2 class=\"wp-block-heading\"><strong>4. Espacios flexibles y adaptables<\/strong><\/h2>\n\n\n\n<p>El dise\u00f1o funcional y est\u00e9tico apuesta por la flexibilidad. Espacios que pueden transformarse seg\u00fan las necesidades permiten que la casa evolucione sin perder coherencia visual ni eficiencia.<\/p>\n\n\n\n<hr class=\"wp-block-separator has-alpha-channel-opacity\"\/>\n\n\n\n<p>Dise\u00f1ar una casa funcional sin sacrificar est\u00e9tica no es una contradicci\u00f3n, sino una oportunidad. Cuando el dise\u00f1o se centra en las personas, los espacios se vuelven m\u00e1s humanos, eficientes y agradables.<\/p>\n\n\n\n<p>Una vivienda bien dise\u00f1ada no solo se ve bien, se vive mejor. La verdadera calidad arquitect\u00f3nica est\u00e1 en lograr que cada espacio sea \u00fatil, bello y significativo al mismo tiempo.<\/p>\n","protected":false},"excerpt":{"rendered":"Existe la creencia de que una casa funcional debe ser simple y que una casa est\u00e9tica suele sacrificar comodidad. Sin embargo, el dise\u00f1o contempor\u00e1neo demuestra que funcionalidad y est\u00e9tica no solo pueden coexistir, sino complementarse. Este art\u00edculo explora c\u00f3mo dise\u00f1ar una vivienda que responda eficientemente a las necesidades diarias sin renunciar a la belleza, creando&hellip;","protected":false},"author":4,"featured_media":3025,"comment_status":"open","ping_status":"open","sticky":false,"template":"","format":"standard","meta":{"_acf_changed":false,"rop_custom_images_group":[],"rop_custom_messages_group":[],"rop_publish_now":"yes","rop_publish_now_accounts":[],"rop_publish_now_history":[],"rop_publish_now_status":"pending","footnotes":"","jetpack_publicize_message":"","jetpack_publicize_feature_enabled":true,"jetpack_social_post_already_shared":true,"jetpack_social_options":{"image_generator_settings":{"template":"highway","default_image_id":0,"font":"","enabled":false},"version":2},"_wpas_customize_per_network":false},"categories":[6],"tags":[46,22],"class_list":["post-3024","post","type-post","status-publish","format-standard","has-post-thumbnail","hentry","category-blog","tag-ctu-hogar","tag-ctu-residencial"],"acf":[],"yoast_head":"<!-- This site is optimized with the Yoast SEO plugin v27.5 - https:\/\/yoast.com\/product\/yoast-seo-wordpress\/ -->\n<title>C\u00f3mo dise\u00f1ar una casa funcional sin sacrificar est\u00e9tica - CTU | Casas en Venta | Fraccionamientos | Residenciales<\/title>\n<meta name=\"robots\" content=\"index, follow, max-snippet:-1, max-image-preview:large, max-video-preview:-1\" \/>\n<link rel=\"canonical\" href=\"https:\/\/www.ctu.com.mx\/casas-en-venta\/blog\/como-disenar-una-casa-funcional-sin-sacrificar-estetica\/\" \/>\n<meta property=\"og:locale\" content=\"es_MX\" \/>\n<meta property=\"og:type\" content=\"article\" \/>\n<meta property=\"og:title\" content=\"C\u00f3mo dise\u00f1ar una casa funcional sin sacrificar est\u00e9tica - CTU | Casas en Venta | Fraccionamientos | Residenciales\" \/>\n<meta property=\"og:description\" content=\"Existe la creencia de que una casa funcional debe ser simple y que una casa est\u00e9tica suele sacrificar comodidad. Sin embargo, el dise\u00f1o contempor\u00e1neo demuestra que funcionalidad y est\u00e9tica no solo pueden coexistir, sino complementarse. Este art\u00edculo explora c\u00f3mo dise\u00f1ar una vivienda que responda eficientemente a las necesidades diarias sin renunciar a la belleza, creando&hellip;\" \/>\n<meta property=\"og:url\" content=\"https:\/\/www.ctu.com.mx\/casas-en-venta\/blog\/como-disenar-una-casa-funcional-sin-sacrificar-estetica\/\" \/>\n<meta property=\"og:site_name\" content=\"CTU | Casas en Venta | Fraccionamientos | Residenciales\" \/>\n<meta property=\"article:publisher\" content=\"https:\/\/www.facebook.com\/ctulife\" \/>\n<meta property=\"article:published_time\" content=\"2026-01-23T15:00:00+00:00\" \/>\n<meta property=\"og:image\" content=\"https:\/\/www.ctu.com.mx\/casas-en-venta\/wp-content\/uploads\/2026\/01\/FOTOS-BLOG-CTU-26-700x350.png\" \/>\n\t<meta property=\"og:image:width\" content=\"700\" \/>\n\t<meta property=\"og:image:height\" content=\"350\" \/>\n\t<meta property=\"og:image:type\" content=\"image\/png\" \/>\n<meta name=\"author\" content=\"Fernando Contreras Villagomez\" \/>\n<meta name=\"twitter:card\" content=\"summary_large_image\" \/>\n<meta name=\"twitter:label1\" content=\"Escrito por\" \/>\n\t<meta name=\"twitter:data1\" content=\"Fernando Contreras Villagomez\" \/>\n\t<meta name=\"twitter:label2\" content=\"Tiempo de lectura\" \/>\n\t<meta name=\"twitter:data2\" content=\"3 minutos\" \/>\n<script type=\"application\/ld+json\" class=\"yoast-schema-graph\">{\"@context\":\"https:\\\/\\\/schema.org\",\"@graph\":[{\"@type\":\"Article\",\"@id\":\"https:\\\/\\\/www.ctu.com.mx\\\/casas-en-venta\\\/blog\\\/como-disenar-una-casa-funcional-sin-sacrificar-estetica\\\/#article\",\"isPartOf\":{\"@id\":\"https:\\\/\\\/www.ctu.com.mx\\\/casas-en-venta\\\/blog\\\/como-disenar-una-casa-funcional-sin-sacrificar-estetica\\\/\"},\"author\":{\"name\":\"Fernando Contreras Villagomez\",\"@id\":\"https:\\\/\\\/www.ctu.com.mx\\\/casas-en-venta\\\/#\\\/schema\\\/person\\\/3cf25df33d06223293b0a933e3c54c4a\"},\"headline\":\"C\u00f3mo dise\u00f1ar una casa funcional sin sacrificar est\u00e9tica\",\"datePublished\":\"2026-01-23T15:00:00+00:00\",\"mainEntityOfPage\":{\"@id\":\"https:\\\/\\\/www.ctu.com.mx\\\/casas-en-venta\\\/blog\\\/como-disenar-una-casa-funcional-sin-sacrificar-estetica\\\/\"},\"wordCount\":452,\"commentCount\":0,\"publisher\":{\"@id\":\"https:\\\/\\\/www.ctu.com.mx\\\/casas-en-venta\\\/#organization\"},\"image\":{\"@id\":\"https:\\\/\\\/www.ctu.com.mx\\\/casas-en-venta\\\/blog\\\/como-disenar-una-casa-funcional-sin-sacrificar-estetica\\\/#primaryimage\"},\"thumbnailUrl\":\"https:\\\/\\\/www.ctu.com.mx\\\/casas-en-venta\\\/wp-content\\\/uploads\\\/2026\\\/01\\\/FOTOS-BLOG-CTU-26.png\",\"keywords\":[\"CTU Hogar\",\"CTU Residencial\"],\"articleSection\":[\"Blog\"],\"inLanguage\":\"es\",\"potentialAction\":[{\"@type\":\"CommentAction\",\"name\":\"Comment\",\"target\":[\"https:\\\/\\\/www.ctu.com.mx\\\/casas-en-venta\\\/blog\\\/como-disenar-una-casa-funcional-sin-sacrificar-estetica\\\/#respond\"]}]},{\"@type\":\"WebPage\",\"@id\":\"https:\\\/\\\/www.ctu.com.mx\\\/casas-en-venta\\\/blog\\\/como-disenar-una-casa-funcional-sin-sacrificar-estetica\\\/\",\"url\":\"https:\\\/\\\/www.ctu.com.mx\\\/casas-en-venta\\\/blog\\\/como-disenar-una-casa-funcional-sin-sacrificar-estetica\\\/\",\"name\":\"C\u00f3mo dise\u00f1ar una casa funcional sin sacrificar est\u00e9tica - CTU | Casas en Venta | Fraccionamientos | Residenciales\",\"isPartOf\":{\"@id\":\"https:\\\/\\\/www.ctu.com.mx\\\/casas-en-venta\\\/#website\"},\"primaryImageOfPage\":{\"@id\":\"https:\\\/\\\/www.ctu.com.mx\\\/casas-en-venta\\\/blog\\\/como-disenar-una-casa-funcional-sin-sacrificar-estetica\\\/#primaryimage\"},\"image\":{\"@id\":\"https:\\\/\\\/www.ctu.com.mx\\\/casas-en-venta\\\/blog\\\/como-disenar-una-casa-funcional-sin-sacrificar-estetica\\\/#primaryimage\"},\"thumbnailUrl\":\"https:\\\/\\\/www.ctu.com.mx\\\/casas-en-venta\\\/wp-content\\\/uploads\\\/2026\\\/01\\\/FOTOS-BLOG-CTU-26.png\",\"datePublished\":\"2026-01-23T15:00:00+00:00\",\"breadcrumb\":{\"@id\":\"https:\\\/\\\/www.ctu.com.mx\\\/casas-en-venta\\\/blog\\\/como-disenar-una-casa-funcional-sin-sacrificar-estetica\\\/#breadcrumb\"},\"inLanguage\":\"es\",\"potentialAction\":[{\"@type\":\"ReadAction\",\"target\":[\"https:\\\/\\\/www.ctu.com.mx\\\/casas-en-venta\\\/blog\\\/como-disenar-una-casa-funcional-sin-sacrificar-estetica\\\/\"]}]},{\"@type\":\"ImageObject\",\"inLanguage\":\"es\",\"@id\":\"https:\\\/\\\/www.ctu.com.mx\\\/casas-en-venta\\\/blog\\\/como-disenar-una-casa-funcional-sin-sacrificar-estetica\\\/#primaryimage\",\"url\":\"https:\\\/\\\/www.ctu.com.mx\\\/casas-en-venta\\\/wp-content\\\/uploads\\\/2026\\\/01\\\/FOTOS-BLOG-CTU-26.png\",\"contentUrl\":\"https:\\\/\\\/www.ctu.com.mx\\\/casas-en-venta\\\/wp-content\\\/uploads\\\/2026\\\/01\\\/FOTOS-BLOG-CTU-26.png\",\"width\":2048,\"height\":1024},{\"@type\":\"BreadcrumbList\",\"@id\":\"https:\\\/\\\/www.ctu.com.mx\\\/casas-en-venta\\\/blog\\\/como-disenar-una-casa-funcional-sin-sacrificar-estetica\\\/#breadcrumb\",\"itemListElement\":[{\"@type\":\"ListItem\",\"position\":1,\"name\":\"Inicio\",\"item\":\"https:\\\/\\\/www.ctu.com.mx\\\/casas-en-venta\\\/\"},{\"@type\":\"ListItem\",\"position\":2,\"name\":\"Blog\",\"item\":\"https:\\\/\\\/www.ctu.com.mx\\\/casas-en-venta\\\/blog\\\/\"},{\"@type\":\"ListItem\",\"position\":3,\"name\":\"C\u00f3mo dise\u00f1ar una casa funcional sin sacrificar est\u00e9tica\"}]},{\"@type\":\"WebSite\",\"@id\":\"https:\\\/\\\/www.ctu.com.mx\\\/casas-en-venta\\\/#website\",\"url\":\"https:\\\/\\\/www.ctu.com.mx\\\/casas-en-venta\\\/\",\"name\":\"CTU Hogar | Casas en Venta por Cr\u00e9dito Infonavit, Fovissste o Banco | Fraccionamientos Residenciales\",\"description\":\"Contamos con residenciales en 6 ciudades de M\u00e9xico: Chihuahua, Cuauht\u00e9moc, Ju\u00e1rez, Le\u00f3n, Hermosillo y Monterrey.  Cada uno de nuestros desarrollos es \u00fanico y cuenta con diferentes opciones de vivienda para todo tipo de familias. T\u00f3mate el tiempo de conocerlos.\",\"publisher\":{\"@id\":\"https:\\\/\\\/www.ctu.com.mx\\\/casas-en-venta\\\/#organization\"},\"potentialAction\":[{\"@type\":\"SearchAction\",\"target\":{\"@type\":\"EntryPoint\",\"urlTemplate\":\"https:\\\/\\\/www.ctu.com.mx\\\/casas-en-venta\\\/?s={search_term_string}\"},\"query-input\":{\"@type\":\"PropertyValueSpecification\",\"valueRequired\":true,\"valueName\":\"search_term_string\"}}],\"inLanguage\":\"es\"},{\"@type\":\"Organization\",\"@id\":\"https:\\\/\\\/www.ctu.com.mx\\\/casas-en-venta\\\/#organization\",\"name\":\"CTU Hogar\",\"url\":\"https:\\\/\\\/www.ctu.com.mx\\\/casas-en-venta\\\/\",\"logo\":{\"@type\":\"ImageObject\",\"inLanguage\":\"es\",\"@id\":\"https:\\\/\\\/www.ctu.com.mx\\\/casas-en-venta\\\/#\\\/schema\\\/logo\\\/image\\\/\",\"url\":\"https:\\\/\\\/www.ctu.com.mx\\\/casas-en-venta\\\/wp-content\\\/uploads\\\/2024\\\/02\\\/logo.png\",\"contentUrl\":\"https:\\\/\\\/www.ctu.com.mx\\\/casas-en-venta\\\/wp-content\\\/uploads\\\/2024\\\/02\\\/logo.png\",\"width\":398,\"height\":538,\"caption\":\"CTU Hogar\"},\"image\":{\"@id\":\"https:\\\/\\\/www.ctu.com.mx\\\/casas-en-venta\\\/#\\\/schema\\\/logo\\\/image\\\/\"},\"sameAs\":[\"https:\\\/\\\/www.facebook.com\\\/ctulife\"]},{\"@type\":\"Person\",\"@id\":\"https:\\\/\\\/www.ctu.com.mx\\\/casas-en-venta\\\/#\\\/schema\\\/person\\\/3cf25df33d06223293b0a933e3c54c4a\",\"name\":\"Fernando Contreras Villagomez\",\"image\":{\"@type\":\"ImageObject\",\"inLanguage\":\"es\",\"@id\":\"https:\\\/\\\/secure.gravatar.com\\\/avatar\\\/309e32d353ed3f535f7dcf649cc0e0b05de86a2008b2fa4a1499061ab99b2047?s=96&d=mm&r=g\",\"url\":\"https:\\\/\\\/secure.gravatar.com\\\/avatar\\\/309e32d353ed3f535f7dcf649cc0e0b05de86a2008b2fa4a1499061ab99b2047?s=96&d=mm&r=g\",\"contentUrl\":\"https:\\\/\\\/secure.gravatar.com\\\/avatar\\\/309e32d353ed3f535f7dcf649cc0e0b05de86a2008b2fa4a1499061ab99b2047?s=96&d=mm&r=g\",\"caption\":\"Fernando Contreras Villagomez\"},\"url\":\"https:\\\/\\\/www.ctu.com.mx\\\/casas-en-venta\\\/author\\\/fcontreras\\\/\"}]}<\/script>\n<!-- \/ Yoast SEO plugin. -->","yoast_head_json":{"title":"C\u00f3mo dise\u00f1ar una casa funcional sin sacrificar est\u00e9tica - CTU | Casas en Venta | Fraccionamientos | Residenciales","robots":{"index":"index","follow":"follow","max-snippet":"max-snippet:-1","max-image-preview":"max-image-preview:large","max-video-preview":"max-video-preview:-1"},"canonical":"https:\/\/www.ctu.com.mx\/casas-en-venta\/blog\/como-disenar-una-casa-funcional-sin-sacrificar-estetica\/","og_locale":"es_MX","og_type":"article","og_title":"C\u00f3mo dise\u00f1ar una casa funcional sin sacrificar est\u00e9tica - CTU | Casas en Venta | Fraccionamientos | Residenciales","og_description":"Existe la creencia de que una casa funcional debe ser simple y que una casa est\u00e9tica suele sacrificar comodidad. Sin embargo, el dise\u00f1o contempor\u00e1neo demuestra que funcionalidad y est\u00e9tica no solo pueden coexistir, sino complementarse. Este art\u00edculo explora c\u00f3mo dise\u00f1ar una vivienda que responda eficientemente a las necesidades diarias sin renunciar a la belleza, creando&hellip;","og_url":"https:\/\/www.ctu.com.mx\/casas-en-venta\/blog\/como-disenar-una-casa-funcional-sin-sacrificar-estetica\/","og_site_name":"CTU | Casas en Venta | Fraccionamientos | Residenciales","article_publisher":"https:\/\/www.facebook.com\/ctulife","article_published_time":"2026-01-23T15:00:00+00:00","og_image":[{"width":700,"height":350,"url":"https:\/\/www.ctu.com.mx\/casas-en-venta\/wp-content\/uploads\/2026\/01\/FOTOS-BLOG-CTU-26-700x350.png","type":"image\/png"}],"author":"Fernando Contreras Villagomez","twitter_card":"summary_large_image","twitter_misc":{"Escrito por":"Fernando Contreras Villagomez","Tiempo de lectura":"3 minutos"},"schema":{"@context":"https:\/\/schema.org","@graph":[{"@type":"Article","@id":"https:\/\/www.ctu.com.mx\/casas-en-venta\/blog\/como-disenar-una-casa-funcional-sin-sacrificar-estetica\/#article","isPartOf":{"@id":"https:\/\/www.ctu.com.mx\/casas-en-venta\/blog\/como-disenar-una-casa-funcional-sin-sacrificar-estetica\/"},"author":{"name":"Fernando Contreras Villagomez","@id":"https:\/\/www.ctu.com.mx\/casas-en-venta\/#\/schema\/person\/3cf25df33d06223293b0a933e3c54c4a"},"headline":"C\u00f3mo dise\u00f1ar una casa funcional sin sacrificar est\u00e9tica","datePublished":"2026-01-23T15:00:00+00:00","mainEntityOfPage":{"@id":"https:\/\/www.ctu.com.mx\/casas-en-venta\/blog\/como-disenar-una-casa-funcional-sin-sacrificar-estetica\/"},"wordCount":452,"commentCount":0,"publisher":{"@id":"https:\/\/www.ctu.com.mx\/casas-en-venta\/#organization"},"image":{"@id":"https:\/\/www.ctu.com.mx\/casas-en-venta\/blog\/como-disenar-una-casa-funcional-sin-sacrificar-estetica\/#primaryimage"},"thumbnailUrl":"https:\/\/www.ctu.com.mx\/casas-en-venta\/wp-content\/uploads\/2026\/01\/FOTOS-BLOG-CTU-26.png","keywords":["CTU Hogar","CTU Residencial"],"articleSection":["Blog"],"inLanguage":"es","potentialAction":[{"@type":"CommentAction","name":"Comment","target":["https:\/\/www.ctu.com.mx\/casas-en-venta\/blog\/como-disenar-una-casa-funcional-sin-sacrificar-estetica\/#respond"]}]},{"@type":"WebPage","@id":"https:\/\/www.ctu.com.mx\/casas-en-venta\/blog\/como-disenar-una-casa-funcional-sin-sacrificar-estetica\/","url":"https:\/\/www.ctu.com.mx\/casas-en-venta\/blog\/como-disenar-una-casa-funcional-sin-sacrificar-estetica\/","name":"C\u00f3mo dise\u00f1ar una casa funcional sin sacrificar est\u00e9tica - CTU | Casas en Venta | Fraccionamientos | Residenciales","isPartOf":{"@id":"https:\/\/www.ctu.com.mx\/casas-en-venta\/#website"},"primaryImageOfPage":{"@id":"https:\/\/www.ctu.com.mx\/casas-en-venta\/blog\/como-disenar-una-casa-funcional-sin-sacrificar-estetica\/#primaryimage"},"image":{"@id":"https:\/\/www.ctu.com.mx\/casas-en-venta\/blog\/como-disenar-una-casa-funcional-sin-sacrificar-estetica\/#primaryimage"},"thumbnailUrl":"https:\/\/www.ctu.com.mx\/casas-en-venta\/wp-content\/uploads\/2026\/01\/FOTOS-BLOG-CTU-26.png","datePublished":"2026-01-23T15:00:00+00:00","breadcrumb":{"@id":"https:\/\/www.ctu.com.mx\/casas-en-venta\/blog\/como-disenar-una-casa-funcional-sin-sacrificar-estetica\/#breadcrumb"},"inLanguage":"es","potentialAction":[{"@type":"ReadAction","target":["https:\/\/www.ctu.com.mx\/casas-en-venta\/blog\/como-disenar-una-casa-funcional-sin-sacrificar-estetica\/"]}]},{"@type":"ImageObject","inLanguage":"es","@id":"https:\/\/www.ctu.com.mx\/casas-en-venta\/blog\/como-disenar-una-casa-funcional-sin-sacrificar-estetica\/#primaryimage","url":"https:\/\/www.ctu.com.mx\/casas-en-venta\/wp-content\/uploads\/2026\/01\/FOTOS-BLOG-CTU-26.png","contentUrl":"https:\/\/www.ctu.com.mx\/casas-en-venta\/wp-content\/uploads\/2026\/01\/FOTOS-BLOG-CTU-26.png","width":2048,"height":1024},{"@type":"BreadcrumbList","@id":"https:\/\/www.ctu.com.mx\/casas-en-venta\/blog\/como-disenar-una-casa-funcional-sin-sacrificar-estetica\/#breadcrumb","itemListElement":[{"@type":"ListItem","position":1,"name":"Inicio","item":"https:\/\/www.ctu.com.mx\/casas-en-venta\/"},{"@type":"ListItem","position":2,"name":"Blog","item":"https:\/\/www.ctu.com.mx\/casas-en-venta\/blog\/"},{"@type":"ListItem","position":3,"name":"C\u00f3mo dise\u00f1ar una casa funcional sin sacrificar est\u00e9tica"}]},{"@type":"WebSite","@id":"https:\/\/www.ctu.com.mx\/casas-en-venta\/#website","url":"https:\/\/www.ctu.com.mx\/casas-en-venta\/","name":"CTU Hogar | Casas en Venta por Cr\u00e9dito Infonavit, Fovissste o Banco | Fraccionamientos Residenciales","description":"Contamos con residenciales en 6 ciudades de M\u00e9xico: Chihuahua, Cuauht\u00e9moc, Ju\u00e1rez, Le\u00f3n, Hermosillo y Monterrey.  Cada uno de nuestros desarrollos es \u00fanico y cuenta con diferentes opciones de vivienda para todo tipo de familias. T\u00f3mate el tiempo de conocerlos.","publisher":{"@id":"https:\/\/www.ctu.com.mx\/casas-en-venta\/#organization"},"potentialAction":[{"@type":"SearchAction","target":{"@type":"EntryPoint","urlTemplate":"https:\/\/www.ctu.com.mx\/casas-en-venta\/?s={search_term_string}"},"query-input":{"@type":"PropertyValueSpecification","valueRequired":true,"valueName":"search_term_string"}}],"inLanguage":"es"},{"@type":"Organization","@id":"https:\/\/www.ctu.com.mx\/casas-en-venta\/#organization","name":"CTU Hogar","url":"https:\/\/www.ctu.com.mx\/casas-en-venta\/","logo":{"@type":"ImageObject","inLanguage":"es","@id":"https:\/\/www.ctu.com.mx\/casas-en-venta\/#\/schema\/logo\/image\/","url":"https:\/\/www.ctu.com.mx\/casas-en-venta\/wp-content\/uploads\/2024\/02\/logo.png","contentUrl":"https:\/\/www.ctu.com.mx\/casas-en-venta\/wp-content\/uploads\/2024\/02\/logo.png","width":398,"height":538,"caption":"CTU Hogar"},"image":{"@id":"https:\/\/www.ctu.com.mx\/casas-en-venta\/#\/schema\/logo\/image\/"},"sameAs":["https:\/\/www.facebook.com\/ctulife"]},{"@type":"Person","@id":"https:\/\/www.ctu.com.mx\/casas-en-venta\/#\/schema\/person\/3cf25df33d06223293b0a933e3c54c4a","name":"Fernando Contreras Villagomez","image":{"@type":"ImageObject","inLanguage":"es","@id":"https:\/\/secure.gravatar.com\/avatar\/309e32d353ed3f535f7dcf649cc0e0b05de86a2008b2fa4a1499061ab99b2047?s=96&d=mm&r=g","url":"https:\/\/secure.gravatar.com\/avatar\/309e32d353ed3f535f7dcf649cc0e0b05de86a2008b2fa4a1499061ab99b2047?s=96&d=mm&r=g","contentUrl":"https:\/\/secure.gravatar.com\/avatar\/309e32d353ed3f535f7dcf649cc0e0b05de86a2008b2fa4a1499061ab99b2047?s=96&d=mm&r=g","caption":"Fernando Contreras Villagomez"},"url":"https:\/\/www.ctu.com.mx\/casas-en-venta\/author\/fcontreras\/"}]}},"jetpack_publicize_connections":[],"jetpack_featured_media_url":"https:\/\/www.ctu.com.mx\/casas-en-venta\/wp-content\/uploads\/2026\/01\/FOTOS-BLOG-CTU-26.png","_links":{"self":[{"href":"https:\/\/www.ctu.com.mx\/casas-en-venta\/wp-json\/wp\/v2\/posts\/3024","targetHints":{"allow":["GET"]}}],"collection":[{"href":"https:\/\/www.ctu.com.mx\/casas-en-venta\/wp-json\/wp\/v2\/posts"}],"about":[{"href":"https:\/\/www.ctu.com.mx\/casas-en-venta\/wp-json\/wp\/v2\/types\/post"}],"author":[{"embeddable":true,"href":"https:\/\/www.ctu.com.mx\/casas-en-venta\/wp-json\/wp\/v2\/users\/4"}],"replies":[{"embeddable":true,"href":"https:\/\/www.ctu.com.mx\/casas-en-venta\/wp-json\/wp\/v2\/comments?post=3024"}],"version-history":[{"count":1,"href":"https:\/\/www.ctu.com.mx\/casas-en-venta\/wp-json\/wp\/v2\/posts\/3024\/revisions"}],"predecessor-version":[{"id":3026,"href":"https:\/\/www.ctu.com.mx\/casas-en-venta\/wp-json\/wp\/v2\/posts\/3024\/revisions\/3026"}],"wp:featuredmedia":[{"embeddable":true,"href":"https:\/\/www.ctu.com.mx\/casas-en-venta\/wp-json\/wp\/v2\/media\/3025"}],"wp:attachment":[{"href":"https:\/\/www.ctu.com.mx\/casas-en-venta\/wp-json\/wp\/v2\/media?parent=3024"}],"wp:term":[{"taxonomy":"category","embeddable":true,"href":"https:\/\/www.ctu.com.mx\/casas-en-venta\/wp-json\/wp\/v2\/categories?post=3024"},{"taxonomy":"post_tag","embeddable":true,"href":"https:\/\/www.ctu.com.mx\/casas-en-venta\/wp-json\/wp\/v2\/tags?post=3024"}],"curies":[{"name":"wp","href":"https:\/\/api.w.org\/{rel}","templated":true}]}}