{"id":2836,"date":"2025-10-22T12:01:13","date_gmt":"2025-10-22T18:01:13","guid":{"rendered":"https:\/\/www.ctu.com.mx\/casas-en-venta\/?p=2836"},"modified":"2025-10-22T12:01:16","modified_gmt":"2025-10-22T18:01:16","slug":"asi-se-vivio-la-odch-2025","status":"publish","type":"post","link":"https:\/\/www.ctu.com.mx\/casas-en-venta\/blog\/asi-se-vivio-la-odch-2025\/","title":{"rendered":"As\u00ed se vivi\u00f3 la ODCH 2025"},"content":{"rendered":"\n<p>El pasado fin de semana, Chihuahua vibr\u00f3 con la ODCH 2025, el evento deportivo y familiar m\u00e1s esperado del a\u00f1o, organizado por CTU. Desde muy temprano, las calles se llenaron de color, emoci\u00f3n y esp\u00edritu de equipo. Cada paso, cada sonrisa y cada aplauso reflejaban el compromiso de nuestra comunidad con un estilo de vida activo, saludable y solidario.<\/p>\n\n\n\n<h3 class=\"wp-block-heading\"><strong>Un arranque lleno de energ\u00eda<\/strong><\/h3>\n\n\n\n<p>Desde las primeras horas del d\u00eda, los participantes comenzaron a llegar con la mejor actitud. Las playeras oficiales de la carrera pintaron el lugar con tonos vibrantes, y la m\u00fasica de fondo marc\u00f3 el ritmo de un evento que promet\u00eda ser inolvidable. Familias, amigos, colaboradores de CTU y corredores de toda la ciudad se unieron bajo un mismo prop\u00f3sito: disfrutar, compartir y superar l\u00edmites juntos.<\/p>\n\n\n\n<h3 class=\"wp-block-heading\"><strong>Competencia, convivencia y motivaci\u00f3n<\/strong><\/h3>\n\n\n\n<p>La carrera inici\u00f3 con una cuenta regresiva llena de adrenalina. Algunos corrieron para superar sus propias marcas; otros, simplemente para disfrutar del recorrido y vivir la experiencia. A lo largo del trayecto, se vivieron momentos de pura emoci\u00f3n: aplausos desde las gradas, voluntarios alentando con sonrisas y compa\u00f1eros de equipo motiv\u00e1ndose entre s\u00ed.<\/p>\n\n\n\n<p>Al cruzar la meta, la emoci\u00f3n fue indescriptible. Cada participante recibi\u00f3 su medalla con orgullo y satisfacci\u00f3n \u2014un s\u00edmbolo del esfuerzo y la uni\u00f3n que caracteriza a CTU y a todos los que formaron parte de este evento.<\/p>\n\n\n\n<h3 class=\"wp-block-heading\"><strong>M\u00e1s que una carrera: una experiencia CTU<\/strong><\/h3>\n\n\n\n<p>La ODCH 2025 no fue solo un evento deportivo, sino una aut\u00e9ntica celebraci\u00f3n de comunidad y bienestar. Hubo zonas de hidrataci\u00f3n, stands con actividades interactivas, m\u00fasica en vivo y espacios para compartir en familia. Los m\u00e1s peque\u00f1os disfrutaron de din\u00e1micas especiales, mientras los adultos aprovecharon para convivir y fortalecer lazos.<\/p>\n\n\n\n<p>Adem\u00e1s, el equipo organizador de CTU destac\u00f3 por su excelente coordinaci\u00f3n y compromiso. Cada detalle, desde la log\u00edstica hasta la ambientaci\u00f3n, reflej\u00f3 el profesionalismo y la pasi\u00f3n que define a nuestra empresa.<\/p>\n\n\n\n<p>Como broche de oro, CTU hizo entrega de un cheque por $100,000 pesos a la Fundaci\u00f3n Brindemos Alegr\u00eda, reafirmando su compromiso con las causas sociales y con el bienestar de nuestra comunidad. Este gesto simboliza la uni\u00f3n entre deporte, solidaridad y responsabilidad social: valores que inspiran cada paso que damos dentro y fuera de la pista.<\/p>\n\n\n\n<p>Con aplausos, sonrisas y una gran emoci\u00f3n, cerramos esta edici\u00f3n de la ODCH sabiendo que cada kil\u00f3metro recorrido dej\u00f3 huella.<\/p>\n\n\n\n<hr class=\"wp-block-separator has-alpha-channel-opacity\"\/>\n\n\n\n<p>\u00a1Gracias por ser parte de la ODCH 2025!<\/p>\n\n\n\n<p>Nos vemos el pr\u00f3ximo a\u00f1o con todo, listos para seguir construyendo historias, sue\u00f1os y sonrisas.<\/p>\n\n\n\n<p><\/p>\n","protected":false},"excerpt":{"rendered":"El pasado fin de semana, Chihuahua vibr\u00f3 con la ODCH 2025, el evento deportivo y familiar m\u00e1s esperado del a\u00f1o, organizado por CTU. Desde muy temprano, las calles se llenaron de color, emoci\u00f3n y esp\u00edritu de equipo. Cada paso, cada sonrisa y cada aplauso reflejaban el compromiso de nuestra comunidad con un estilo de vida&hellip;","protected":false},"author":4,"featured_media":2837,"comment_status":"open","ping_status":"open","sticky":false,"template":"","format":"standard","meta":{"_acf_changed":false,"rop_custom_images_group":[],"rop_custom_messages_group":[],"rop_publish_now":"initial","rop_publish_now_accounts":[],"rop_publish_now_history":[],"rop_publish_now_status":"pending","footnotes":"","jetpack_publicize_message":"","jetpack_publicize_feature_enabled":true,"jetpack_social_post_already_shared":false,"jetpack_social_options":{"image_generator_settings":{"template":"highway","default_image_id":0,"font":"","enabled":false},"version":2},"_wpas_customize_per_network":false},"categories":[6],"tags":[46,22],"class_list":["post-2836","post","type-post","status-publish","format-standard","has-post-thumbnail","hentry","category-blog","tag-ctu-hogar","tag-ctu-residencial"],"acf":[],"yoast_head":"<!-- This site is optimized with the Yoast SEO plugin v27.5 - https:\/\/yoast.com\/product\/yoast-seo-wordpress\/ -->\n<title>As\u00ed se vivi\u00f3 la ODCH 2025 - CTU | Casas en Venta | Fraccionamientos | Residenciales<\/title>\n<meta name=\"robots\" content=\"index, follow, max-snippet:-1, max-image-preview:large, max-video-preview:-1\" \/>\n<link rel=\"canonical\" href=\"https:\/\/www.ctu.com.mx\/casas-en-venta\/blog\/asi-se-vivio-la-odch-2025\/\" \/>\n<meta property=\"og:locale\" content=\"es_MX\" \/>\n<meta property=\"og:type\" content=\"article\" \/>\n<meta property=\"og:title\" content=\"As\u00ed se vivi\u00f3 la ODCH 2025 - CTU | Casas en Venta | Fraccionamientos | Residenciales\" \/>\n<meta property=\"og:description\" content=\"El pasado fin de semana, Chihuahua vibr\u00f3 con la ODCH 2025, el evento deportivo y familiar m\u00e1s esperado del a\u00f1o, organizado por CTU. Desde muy temprano, las calles se llenaron de color, emoci\u00f3n y esp\u00edritu de equipo. Cada paso, cada sonrisa y cada aplauso reflejaban el compromiso de nuestra comunidad con un estilo de vida&hellip;\" \/>\n<meta property=\"og:url\" content=\"https:\/\/www.ctu.com.mx\/casas-en-venta\/blog\/asi-se-vivio-la-odch-2025\/\" \/>\n<meta property=\"og:site_name\" content=\"CTU | Casas en Venta | Fraccionamientos | Residenciales\" \/>\n<meta property=\"article:publisher\" content=\"https:\/\/www.facebook.com\/ctulife\" \/>\n<meta property=\"article:published_time\" content=\"2025-10-22T18:01:13+00:00\" \/>\n<meta property=\"article:modified_time\" content=\"2025-10-22T18:01:16+00:00\" \/>\n<meta property=\"og:image\" content=\"https:\/\/www.ctu.com.mx\/casas-en-venta\/wp-content\/uploads\/2025\/10\/17.jpg\" \/>\n\t<meta property=\"og:image:width\" content=\"2048\" \/>\n\t<meta property=\"og:image:height\" content=\"1024\" \/>\n\t<meta property=\"og:image:type\" content=\"image\/jpeg\" \/>\n<meta name=\"author\" content=\"Fernando Contreras Villagomez\" \/>\n<meta name=\"twitter:card\" content=\"summary_large_image\" \/>\n<meta name=\"twitter:label1\" content=\"Escrito por\" \/>\n\t<meta name=\"twitter:data1\" content=\"Fernando Contreras Villagomez\" \/>\n\t<meta name=\"twitter:label2\" content=\"Tiempo de lectura\" \/>\n\t<meta name=\"twitter:data2\" content=\"3 minutos\" \/>\n<script type=\"application\/ld+json\" class=\"yoast-schema-graph\">{\"@context\":\"https:\\\/\\\/schema.org\",\"@graph\":[{\"@type\":\"Article\",\"@id\":\"https:\\\/\\\/www.ctu.com.mx\\\/casas-en-venta\\\/blog\\\/asi-se-vivio-la-odch-2025\\\/#article\",\"isPartOf\":{\"@id\":\"https:\\\/\\\/www.ctu.com.mx\\\/casas-en-venta\\\/blog\\\/asi-se-vivio-la-odch-2025\\\/\"},\"author\":{\"name\":\"Fernando Contreras Villagomez\",\"@id\":\"https:\\\/\\\/www.ctu.com.mx\\\/casas-en-venta\\\/#\\\/schema\\\/person\\\/3cf25df33d06223293b0a933e3c54c4a\"},\"headline\":\"As\u00ed se vivi\u00f3 la ODCH 2025\",\"datePublished\":\"2025-10-22T18:01:13+00:00\",\"dateModified\":\"2025-10-22T18:01:16+00:00\",\"mainEntityOfPage\":{\"@id\":\"https:\\\/\\\/www.ctu.com.mx\\\/casas-en-venta\\\/blog\\\/asi-se-vivio-la-odch-2025\\\/\"},\"wordCount\":453,\"commentCount\":0,\"publisher\":{\"@id\":\"https:\\\/\\\/www.ctu.com.mx\\\/casas-en-venta\\\/#organization\"},\"image\":{\"@id\":\"https:\\\/\\\/www.ctu.com.mx\\\/casas-en-venta\\\/blog\\\/asi-se-vivio-la-odch-2025\\\/#primaryimage\"},\"thumbnailUrl\":\"https:\\\/\\\/www.ctu.com.mx\\\/casas-en-venta\\\/wp-content\\\/uploads\\\/2025\\\/10\\\/17.jpg\",\"keywords\":[\"CTU Hogar\",\"CTU Residencial\"],\"articleSection\":[\"Blog\"],\"inLanguage\":\"es\",\"potentialAction\":[{\"@type\":\"CommentAction\",\"name\":\"Comment\",\"target\":[\"https:\\\/\\\/www.ctu.com.mx\\\/casas-en-venta\\\/blog\\\/asi-se-vivio-la-odch-2025\\\/#respond\"]}]},{\"@type\":\"WebPage\",\"@id\":\"https:\\\/\\\/www.ctu.com.mx\\\/casas-en-venta\\\/blog\\\/asi-se-vivio-la-odch-2025\\\/\",\"url\":\"https:\\\/\\\/www.ctu.com.mx\\\/casas-en-venta\\\/blog\\\/asi-se-vivio-la-odch-2025\\\/\",\"name\":\"As\u00ed se vivi\u00f3 la ODCH 2025 - CTU | Casas en Venta | Fraccionamientos | Residenciales\",\"isPartOf\":{\"@id\":\"https:\\\/\\\/www.ctu.com.mx\\\/casas-en-venta\\\/#website\"},\"primaryImageOfPage\":{\"@id\":\"https:\\\/\\\/www.ctu.com.mx\\\/casas-en-venta\\\/blog\\\/asi-se-vivio-la-odch-2025\\\/#primaryimage\"},\"image\":{\"@id\":\"https:\\\/\\\/www.ctu.com.mx\\\/casas-en-venta\\\/blog\\\/asi-se-vivio-la-odch-2025\\\/#primaryimage\"},\"thumbnailUrl\":\"https:\\\/\\\/www.ctu.com.mx\\\/casas-en-venta\\\/wp-content\\\/uploads\\\/2025\\\/10\\\/17.jpg\",\"datePublished\":\"2025-10-22T18:01:13+00:00\",\"dateModified\":\"2025-10-22T18:01:16+00:00\",\"breadcrumb\":{\"@id\":\"https:\\\/\\\/www.ctu.com.mx\\\/casas-en-venta\\\/blog\\\/asi-se-vivio-la-odch-2025\\\/#breadcrumb\"},\"inLanguage\":\"es\",\"potentialAction\":[{\"@type\":\"ReadAction\",\"target\":[\"https:\\\/\\\/www.ctu.com.mx\\\/casas-en-venta\\\/blog\\\/asi-se-vivio-la-odch-2025\\\/\"]}]},{\"@type\":\"ImageObject\",\"inLanguage\":\"es\",\"@id\":\"https:\\\/\\\/www.ctu.com.mx\\\/casas-en-venta\\\/blog\\\/asi-se-vivio-la-odch-2025\\\/#primaryimage\",\"url\":\"https:\\\/\\\/www.ctu.com.mx\\\/casas-en-venta\\\/wp-content\\\/uploads\\\/2025\\\/10\\\/17.jpg\",\"contentUrl\":\"https:\\\/\\\/www.ctu.com.mx\\\/casas-en-venta\\\/wp-content\\\/uploads\\\/2025\\\/10\\\/17.jpg\",\"width\":2048,\"height\":1024},{\"@type\":\"BreadcrumbList\",\"@id\":\"https:\\\/\\\/www.ctu.com.mx\\\/casas-en-venta\\\/blog\\\/asi-se-vivio-la-odch-2025\\\/#breadcrumb\",\"itemListElement\":[{\"@type\":\"ListItem\",\"position\":1,\"name\":\"Inicio\",\"item\":\"https:\\\/\\\/www.ctu.com.mx\\\/casas-en-venta\\\/\"},{\"@type\":\"ListItem\",\"position\":2,\"name\":\"Blog\",\"item\":\"https:\\\/\\\/www.ctu.com.mx\\\/casas-en-venta\\\/blog\\\/\"},{\"@type\":\"ListItem\",\"position\":3,\"name\":\"As\u00ed se vivi\u00f3 la ODCH 2025\"}]},{\"@type\":\"WebSite\",\"@id\":\"https:\\\/\\\/www.ctu.com.mx\\\/casas-en-venta\\\/#website\",\"url\":\"https:\\\/\\\/www.ctu.com.mx\\\/casas-en-venta\\\/\",\"name\":\"CTU Hogar | Casas en Venta por Cr\u00e9dito Infonavit, Fovissste o Banco | Fraccionamientos Residenciales\",\"description\":\"Contamos con residenciales en 6 ciudades de M\u00e9xico: Chihuahua, Cuauht\u00e9moc, Ju\u00e1rez, Le\u00f3n, Hermosillo y Monterrey.  Cada uno de nuestros desarrollos es \u00fanico y cuenta con diferentes opciones de vivienda para todo tipo de familias. T\u00f3mate el tiempo de conocerlos.\",\"publisher\":{\"@id\":\"https:\\\/\\\/www.ctu.com.mx\\\/casas-en-venta\\\/#organization\"},\"potentialAction\":[{\"@type\":\"SearchAction\",\"target\":{\"@type\":\"EntryPoint\",\"urlTemplate\":\"https:\\\/\\\/www.ctu.com.mx\\\/casas-en-venta\\\/?s={search_term_string}\"},\"query-input\":{\"@type\":\"PropertyValueSpecification\",\"valueRequired\":true,\"valueName\":\"search_term_string\"}}],\"inLanguage\":\"es\"},{\"@type\":\"Organization\",\"@id\":\"https:\\\/\\\/www.ctu.com.mx\\\/casas-en-venta\\\/#organization\",\"name\":\"CTU Hogar\",\"url\":\"https:\\\/\\\/www.ctu.com.mx\\\/casas-en-venta\\\/\",\"logo\":{\"@type\":\"ImageObject\",\"inLanguage\":\"es\",\"@id\":\"https:\\\/\\\/www.ctu.com.mx\\\/casas-en-venta\\\/#\\\/schema\\\/logo\\\/image\\\/\",\"url\":\"https:\\\/\\\/www.ctu.com.mx\\\/casas-en-venta\\\/wp-content\\\/uploads\\\/2024\\\/02\\\/logo.png\",\"contentUrl\":\"https:\\\/\\\/www.ctu.com.mx\\\/casas-en-venta\\\/wp-content\\\/uploads\\\/2024\\\/02\\\/logo.png\",\"width\":398,\"height\":538,\"caption\":\"CTU Hogar\"},\"image\":{\"@id\":\"https:\\\/\\\/www.ctu.com.mx\\\/casas-en-venta\\\/#\\\/schema\\\/logo\\\/image\\\/\"},\"sameAs\":[\"https:\\\/\\\/www.facebook.com\\\/ctulife\"]},{\"@type\":\"Person\",\"@id\":\"https:\\\/\\\/www.ctu.com.mx\\\/casas-en-venta\\\/#\\\/schema\\\/person\\\/3cf25df33d06223293b0a933e3c54c4a\",\"name\":\"Fernando Contreras Villagomez\",\"image\":{\"@type\":\"ImageObject\",\"inLanguage\":\"es\",\"@id\":\"https:\\\/\\\/secure.gravatar.com\\\/avatar\\\/309e32d353ed3f535f7dcf649cc0e0b05de86a2008b2fa4a1499061ab99b2047?s=96&d=mm&r=g\",\"url\":\"https:\\\/\\\/secure.gravatar.com\\\/avatar\\\/309e32d353ed3f535f7dcf649cc0e0b05de86a2008b2fa4a1499061ab99b2047?s=96&d=mm&r=g\",\"contentUrl\":\"https:\\\/\\\/secure.gravatar.com\\\/avatar\\\/309e32d353ed3f535f7dcf649cc0e0b05de86a2008b2fa4a1499061ab99b2047?s=96&d=mm&r=g\",\"caption\":\"Fernando Contreras Villagomez\"},\"url\":\"https:\\\/\\\/www.ctu.com.mx\\\/casas-en-venta\\\/author\\\/fcontreras\\\/\"}]}<\/script>\n<!-- \/ Yoast SEO plugin. -->","yoast_head_json":{"title":"As\u00ed se vivi\u00f3 la ODCH 2025 - CTU | Casas en Venta | Fraccionamientos | Residenciales","robots":{"index":"index","follow":"follow","max-snippet":"max-snippet:-1","max-image-preview":"max-image-preview:large","max-video-preview":"max-video-preview:-1"},"canonical":"https:\/\/www.ctu.com.mx\/casas-en-venta\/blog\/asi-se-vivio-la-odch-2025\/","og_locale":"es_MX","og_type":"article","og_title":"As\u00ed se vivi\u00f3 la ODCH 2025 - CTU | Casas en Venta | Fraccionamientos | Residenciales","og_description":"El pasado fin de semana, Chihuahua vibr\u00f3 con la ODCH 2025, el evento deportivo y familiar m\u00e1s esperado del a\u00f1o, organizado por CTU. Desde muy temprano, las calles se llenaron de color, emoci\u00f3n y esp\u00edritu de equipo. Cada paso, cada sonrisa y cada aplauso reflejaban el compromiso de nuestra comunidad con un estilo de vida&hellip;","og_url":"https:\/\/www.ctu.com.mx\/casas-en-venta\/blog\/asi-se-vivio-la-odch-2025\/","og_site_name":"CTU | Casas en Venta | Fraccionamientos | Residenciales","article_publisher":"https:\/\/www.facebook.com\/ctulife","article_published_time":"2025-10-22T18:01:13+00:00","article_modified_time":"2025-10-22T18:01:16+00:00","og_image":[{"width":2048,"height":1024,"url":"https:\/\/www.ctu.com.mx\/casas-en-venta\/wp-content\/uploads\/2025\/10\/17.jpg","type":"image\/jpeg"}],"author":"Fernando Contreras Villagomez","twitter_card":"summary_large_image","twitter_misc":{"Escrito por":"Fernando Contreras Villagomez","Tiempo de lectura":"3 minutos"},"schema":{"@context":"https:\/\/schema.org","@graph":[{"@type":"Article","@id":"https:\/\/www.ctu.com.mx\/casas-en-venta\/blog\/asi-se-vivio-la-odch-2025\/#article","isPartOf":{"@id":"https:\/\/www.ctu.com.mx\/casas-en-venta\/blog\/asi-se-vivio-la-odch-2025\/"},"author":{"name":"Fernando Contreras Villagomez","@id":"https:\/\/www.ctu.com.mx\/casas-en-venta\/#\/schema\/person\/3cf25df33d06223293b0a933e3c54c4a"},"headline":"As\u00ed se vivi\u00f3 la ODCH 2025","datePublished":"2025-10-22T18:01:13+00:00","dateModified":"2025-10-22T18:01:16+00:00","mainEntityOfPage":{"@id":"https:\/\/www.ctu.com.mx\/casas-en-venta\/blog\/asi-se-vivio-la-odch-2025\/"},"wordCount":453,"commentCount":0,"publisher":{"@id":"https:\/\/www.ctu.com.mx\/casas-en-venta\/#organization"},"image":{"@id":"https:\/\/www.ctu.com.mx\/casas-en-venta\/blog\/asi-se-vivio-la-odch-2025\/#primaryimage"},"thumbnailUrl":"https:\/\/www.ctu.com.mx\/casas-en-venta\/wp-content\/uploads\/2025\/10\/17.jpg","keywords":["CTU Hogar","CTU Residencial"],"articleSection":["Blog"],"inLanguage":"es","potentialAction":[{"@type":"CommentAction","name":"Comment","target":["https:\/\/www.ctu.com.mx\/casas-en-venta\/blog\/asi-se-vivio-la-odch-2025\/#respond"]}]},{"@type":"WebPage","@id":"https:\/\/www.ctu.com.mx\/casas-en-venta\/blog\/asi-se-vivio-la-odch-2025\/","url":"https:\/\/www.ctu.com.mx\/casas-en-venta\/blog\/asi-se-vivio-la-odch-2025\/","name":"As\u00ed se vivi\u00f3 la ODCH 2025 - CTU | Casas en Venta | Fraccionamientos | Residenciales","isPartOf":{"@id":"https:\/\/www.ctu.com.mx\/casas-en-venta\/#website"},"primaryImageOfPage":{"@id":"https:\/\/www.ctu.com.mx\/casas-en-venta\/blog\/asi-se-vivio-la-odch-2025\/#primaryimage"},"image":{"@id":"https:\/\/www.ctu.com.mx\/casas-en-venta\/blog\/asi-se-vivio-la-odch-2025\/#primaryimage"},"thumbnailUrl":"https:\/\/www.ctu.com.mx\/casas-en-venta\/wp-content\/uploads\/2025\/10\/17.jpg","datePublished":"2025-10-22T18:01:13+00:00","dateModified":"2025-10-22T18:01:16+00:00","breadcrumb":{"@id":"https:\/\/www.ctu.com.mx\/casas-en-venta\/blog\/asi-se-vivio-la-odch-2025\/#breadcrumb"},"inLanguage":"es","potentialAction":[{"@type":"ReadAction","target":["https:\/\/www.ctu.com.mx\/casas-en-venta\/blog\/asi-se-vivio-la-odch-2025\/"]}]},{"@type":"ImageObject","inLanguage":"es","@id":"https:\/\/www.ctu.com.mx\/casas-en-venta\/blog\/asi-se-vivio-la-odch-2025\/#primaryimage","url":"https:\/\/www.ctu.com.mx\/casas-en-venta\/wp-content\/uploads\/2025\/10\/17.jpg","contentUrl":"https:\/\/www.ctu.com.mx\/casas-en-venta\/wp-content\/uploads\/2025\/10\/17.jpg","width":2048,"height":1024},{"@type":"BreadcrumbList","@id":"https:\/\/www.ctu.com.mx\/casas-en-venta\/blog\/asi-se-vivio-la-odch-2025\/#breadcrumb","itemListElement":[{"@type":"ListItem","position":1,"name":"Inicio","item":"https:\/\/www.ctu.com.mx\/casas-en-venta\/"},{"@type":"ListItem","position":2,"name":"Blog","item":"https:\/\/www.ctu.com.mx\/casas-en-venta\/blog\/"},{"@type":"ListItem","position":3,"name":"As\u00ed se vivi\u00f3 la ODCH 2025"}]},{"@type":"WebSite","@id":"https:\/\/www.ctu.com.mx\/casas-en-venta\/#website","url":"https:\/\/www.ctu.com.mx\/casas-en-venta\/","name":"CTU Hogar | Casas en Venta por Cr\u00e9dito Infonavit, Fovissste o Banco | Fraccionamientos Residenciales","description":"Contamos con residenciales en 6 ciudades de M\u00e9xico: Chihuahua, Cuauht\u00e9moc, Ju\u00e1rez, Le\u00f3n, Hermosillo y Monterrey.  Cada uno de nuestros desarrollos es \u00fanico y cuenta con diferentes opciones de vivienda para todo tipo de familias. T\u00f3mate el tiempo de conocerlos.","publisher":{"@id":"https:\/\/www.ctu.com.mx\/casas-en-venta\/#organization"},"potentialAction":[{"@type":"SearchAction","target":{"@type":"EntryPoint","urlTemplate":"https:\/\/www.ctu.com.mx\/casas-en-venta\/?s={search_term_string}"},"query-input":{"@type":"PropertyValueSpecification","valueRequired":true,"valueName":"search_term_string"}}],"inLanguage":"es"},{"@type":"Organization","@id":"https:\/\/www.ctu.com.mx\/casas-en-venta\/#organization","name":"CTU Hogar","url":"https:\/\/www.ctu.com.mx\/casas-en-venta\/","logo":{"@type":"ImageObject","inLanguage":"es","@id":"https:\/\/www.ctu.com.mx\/casas-en-venta\/#\/schema\/logo\/image\/","url":"https:\/\/www.ctu.com.mx\/casas-en-venta\/wp-content\/uploads\/2024\/02\/logo.png","contentUrl":"https:\/\/www.ctu.com.mx\/casas-en-venta\/wp-content\/uploads\/2024\/02\/logo.png","width":398,"height":538,"caption":"CTU Hogar"},"image":{"@id":"https:\/\/www.ctu.com.mx\/casas-en-venta\/#\/schema\/logo\/image\/"},"sameAs":["https:\/\/www.facebook.com\/ctulife"]},{"@type":"Person","@id":"https:\/\/www.ctu.com.mx\/casas-en-venta\/#\/schema\/person\/3cf25df33d06223293b0a933e3c54c4a","name":"Fernando Contreras Villagomez","image":{"@type":"ImageObject","inLanguage":"es","@id":"https:\/\/secure.gravatar.com\/avatar\/309e32d353ed3f535f7dcf649cc0e0b05de86a2008b2fa4a1499061ab99b2047?s=96&d=mm&r=g","url":"https:\/\/secure.gravatar.com\/avatar\/309e32d353ed3f535f7dcf649cc0e0b05de86a2008b2fa4a1499061ab99b2047?s=96&d=mm&r=g","contentUrl":"https:\/\/secure.gravatar.com\/avatar\/309e32d353ed3f535f7dcf649cc0e0b05de86a2008b2fa4a1499061ab99b2047?s=96&d=mm&r=g","caption":"Fernando Contreras Villagomez"},"url":"https:\/\/www.ctu.com.mx\/casas-en-venta\/author\/fcontreras\/"}]}},"jetpack_publicize_connections":[],"jetpack_featured_media_url":"https:\/\/www.ctu.com.mx\/casas-en-venta\/wp-content\/uploads\/2025\/10\/17.jpg","_links":{"self":[{"href":"https:\/\/www.ctu.com.mx\/casas-en-venta\/wp-json\/wp\/v2\/posts\/2836","targetHints":{"allow":["GET"]}}],"collection":[{"href":"https:\/\/www.ctu.com.mx\/casas-en-venta\/wp-json\/wp\/v2\/posts"}],"about":[{"href":"https:\/\/www.ctu.com.mx\/casas-en-venta\/wp-json\/wp\/v2\/types\/post"}],"author":[{"embeddable":true,"href":"https:\/\/www.ctu.com.mx\/casas-en-venta\/wp-json\/wp\/v2\/users\/4"}],"replies":[{"embeddable":true,"href":"https:\/\/www.ctu.com.mx\/casas-en-venta\/wp-json\/wp\/v2\/comments?post=2836"}],"version-history":[{"count":1,"href":"https:\/\/www.ctu.com.mx\/casas-en-venta\/wp-json\/wp\/v2\/posts\/2836\/revisions"}],"predecessor-version":[{"id":2838,"href":"https:\/\/www.ctu.com.mx\/casas-en-venta\/wp-json\/wp\/v2\/posts\/2836\/revisions\/2838"}],"wp:featuredmedia":[{"embeddable":true,"href":"https:\/\/www.ctu.com.mx\/casas-en-venta\/wp-json\/wp\/v2\/media\/2837"}],"wp:attachment":[{"href":"https:\/\/www.ctu.com.mx\/casas-en-venta\/wp-json\/wp\/v2\/media?parent=2836"}],"wp:term":[{"taxonomy":"category","embeddable":true,"href":"https:\/\/www.ctu.com.mx\/casas-en-venta\/wp-json\/wp\/v2\/categories?post=2836"},{"taxonomy":"post_tag","embeddable":true,"href":"https:\/\/www.ctu.com.mx\/casas-en-venta\/wp-json\/wp\/v2\/tags?post=2836"}],"curies":[{"name":"wp","href":"https:\/\/api.w.org\/{rel}","templated":true}]}}