{"id":2718,"date":"2025-07-31T09:42:55","date_gmt":"2025-07-31T15:42:55","guid":{"rendered":"https:\/\/www.ctu.com.mx\/casas-en-venta\/?p=2718"},"modified":"2025-07-31T09:42:59","modified_gmt":"2025-07-31T15:42:59","slug":"como-mejorar-la-distribucion-de-tu-habitacion-principal","status":"publish","type":"post","link":"https:\/\/www.ctu.com.mx\/casas-en-venta\/blog\/como-mejorar-la-distribucion-de-tu-habitacion-principal\/","title":{"rendered":"C\u00f3mo mejorar la distribuci\u00f3n de tu habitaci\u00f3n principal"},"content":{"rendered":"\n<h2 class=\"wp-block-heading\">Introducci\u00f3n<\/h2>\n\n\n\n<p>La habitaci\u00f3n principal es mucho m\u00e1s que un lugar para dormir: es un espacio \u00edntimo donde comenzamos y terminamos nuestros d\u00edas. Su dise\u00f1o no solo debe ser est\u00e9tico, sino funcional. Sin embargo, muchas veces pasamos por alto la distribuci\u00f3n del mobiliario, lo que puede provocar sensaci\u00f3n de desorden, incomodidad o incluso estr\u00e9s.<\/p>\n\n\n\n<p>Redise\u00f1ar la distribuci\u00f3n de tu rec\u00e1mara no requiere una remodelaci\u00f3n completa ni grandes inversiones. Con algunos ajustes estrat\u00e9gicos y una mejor organizaci\u00f3n, puedes transformar por completo el ambiente y hacerlo mucho m\u00e1s c\u00f3modo y acogedor.<\/p>\n\n\n\n<hr class=\"wp-block-separator has-alpha-channel-opacity\"\/>\n\n\n\n<h2 class=\"wp-block-heading\">Evaluar antes de mover: conoce tu espacio<\/h2>\n\n\n\n<p>Antes de mover muebles, es fundamental observar y entender el espacio que tienes. Toma medidas de la habitaci\u00f3n, identifica la ubicaci\u00f3n de puertas, ventanas, enchufes y elementos fijos. Esto te permitir\u00e1 planear con claridad y evitar errores comunes, como bloquear el paso de luz o colocar muebles demasiado grandes en zonas poco pr\u00e1cticas.<\/p>\n\n\n\n<p>Puedes dibujar un plano sencillo en papel o usar herramientas digitales como Room Planner o MagicPlan para visualizar distintas distribuciones antes de mover un solo mueble.<\/p>\n\n\n\n<h2 class=\"wp-block-heading\">La cama: el coraz\u00f3n del cuarto<\/h2>\n\n\n\n<p>En la mayor\u00eda de los casos, la cama es el mueble principal y el punto focal del dormitorio. Su ubicaci\u00f3n define gran parte del equilibrio visual y la funcionalidad del espacio.<\/p>\n\n\n\n<p>Lo ideal es que est\u00e9 colocada sobre una pared s\u00f3lida, con la cabecera visible al entrar en la habitaci\u00f3n. Deja espacio suficiente a ambos lados para bur\u00f3s, l\u00e1mparas o mesas auxiliares. Esto no solo mejora la est\u00e9tica, tambi\u00e9n facilita la circulaci\u00f3n y crea una sensaci\u00f3n de orden y armon\u00eda.<\/p>\n\n\n\n<p>Evita empujarla contra una esquina, ya que puede dificultar el movimiento y dar la sensaci\u00f3n de encierro.<\/p>\n\n\n\n<h2 class=\"wp-block-heading\">Espacios que se adaptan a tu rutina<\/h2>\n\n\n\n<p>Una buena distribuci\u00f3n responde a tus h\u00e1bitos diarios. Preg\u00fantate: \u00bfpara qu\u00e9 usas tu rec\u00e1mara adem\u00e1s de dormir?<\/p>\n\n\n\n<ul class=\"wp-block-list\">\n<li>Si lees, crea un rinc\u00f3n con una silla c\u00f3moda y una l\u00e1mpara suave.<\/li>\n\n\n\n<li>Si ves televisi\u00f3n, aseg\u00farate de tener un \u00e1ngulo de visi\u00f3n c\u00f3modo desde la cama.<\/li>\n\n\n\n<li>Si te maquillas, trabaja o haces yoga en el cuarto, habilita zonas espec\u00edficas para esas actividades.<\/li>\n<\/ul>\n\n\n\n<h2 class=\"wp-block-heading\">Circulaci\u00f3n libre: la clave de la comodidad<\/h2>\n\n\n\n<p>Uno de los errores m\u00e1s comunes es sobrecargar la habitaci\u00f3n de muebles. Para que un espacio sea funcional, debe permitirte moverte con fluidez.<\/p>\n\n\n\n<p>Procura dejar al menos 60 cm entre la cama y otros elementos, y alrededor de 90 cm frente a cl\u00f3sets o cajoneras. Esta distancia evita choques y permite una experiencia m\u00e1s c\u00f3moda, especialmente en la rutina diaria.<\/p>\n\n\n\n<p>Si sientes que \u201cchocas con todo\u201d, es se\u00f1al de que necesitas aligerar el espacio.<\/p>\n\n\n\n<h2 class=\"wp-block-heading\">Orden visual: soluciones pr\u00e1cticas de almacenamiento<\/h2>\n\n\n\n<p>Una habitaci\u00f3n puede estar limpia pero lucir ca\u00f3tica si no hay lugares definidos para guardar las cosas. Por eso, incorporar soluciones de almacenamiento es clave. Algunas ideas:<\/p>\n\n\n\n<ul class=\"wp-block-list\">\n<li>Cajones bajo la cama para ropa de temporada.<\/li>\n\n\n\n<li>Repisas flotantes para objetos decorativos o libros.<\/li>\n\n\n\n<li>Cajas organizadoras o bancos con compartimiento oculto.<\/li>\n<\/ul>\n\n\n\n<p>Todo lo que puedas guardar de forma pr\u00e1ctica mejora la sensaci\u00f3n de amplitud y tranquilidad visual.<\/p>\n\n\n\n<h2 class=\"wp-block-heading\">Luz, color y detalles que transforman<\/h2>\n\n\n\n<p>No subestimes el impacto de los colores y la iluminaci\u00f3n. Los tonos claros como blanco, beige o gris suave agrandan visualmente el espacio y lo hacen sentir m\u00e1s fresco.<\/p>\n\n\n\n<p>Los espejos bien colocados reflejan la luz natural y multiplican la sensaci\u00f3n de espacio. Las cortinas ligeras, que dejen entrar la claridad sin perder privacidad, tambi\u00e9n suman.<\/p>\n\n\n\n<p>En cuanto a iluminaci\u00f3n artificial, combina una luz general c\u00e1lida con puntos de luz espec\u00edficos (como l\u00e1mparas de bur\u00f3 o focos dirigidos). Esto permite crear ambientes distintos seg\u00fan la hora del d\u00eda o tu estado de \u00e1nimo.<\/p>\n\n\n\n<h2 class=\"wp-block-heading\">Tu toque personal: lo que convierte un espacio en hogar<\/h2>\n\n\n\n<p>M\u00e1s all\u00e1 de lo funcional, una habitaci\u00f3n bien distribuida tambi\u00e9n debe hablar de ti. Agrega objetos que te conecten con lo que te gusta: fotos, libros, plantas, aromas, cojines o una manta favorita. Estos detalles no solo decoran, tambi\u00e9n generan bienestar emocional.<\/p>\n\n\n\n<hr class=\"wp-block-separator has-alpha-channel-opacity\"\/>\n\n\n\n<h2 class=\"wp-block-heading\">Conclusi\u00f3n<\/h2>\n\n\n\n<p>Mejorar la distribuci\u00f3n de tu habitaci\u00f3n principal no se trata solo de mover muebles. Es una oportunidad para repensar c\u00f3mo quieres vivir y sentir ese espacio todos los d\u00edas. A trav\u00e9s de decisiones simples pero conscientes, puedes lograr que tu rec\u00e1mara no solo se vea mejor, sino que realmente te abrace cada vez que entres.<\/p>\n","protected":false},"excerpt":{"rendered":"Introducci\u00f3n La habitaci\u00f3n principal es mucho m\u00e1s que un lugar para dormir: es un espacio \u00edntimo donde comenzamos y terminamos nuestros d\u00edas. Su dise\u00f1o no solo debe ser est\u00e9tico, sino funcional. Sin embargo, muchas veces pasamos por alto la distribuci\u00f3n del mobiliario, lo que puede provocar sensaci\u00f3n de desorden, incomodidad o incluso estr\u00e9s. Redise\u00f1ar la&hellip;","protected":false},"author":4,"featured_media":2316,"comment_status":"open","ping_status":"open","sticky":false,"template":"","format":"standard","meta":{"_acf_changed":false,"rop_custom_images_group":[],"rop_custom_messages_group":[],"rop_publish_now":"initial","rop_publish_now_accounts":[],"rop_publish_now_history":[],"rop_publish_now_status":"pending","footnotes":"","jetpack_publicize_message":"","jetpack_publicize_feature_enabled":true,"jetpack_social_post_already_shared":false,"jetpack_social_options":{"image_generator_settings":{"template":"highway","default_image_id":0,"enabled":false},"version":2},"_wpas_customize_per_network":false},"categories":[6],"tags":[46,22],"class_list":["post-2718","post","type-post","status-publish","format-standard","has-post-thumbnail","hentry","category-blog","tag-ctu-hogar","tag-ctu-residencial"],"acf":[],"yoast_head":"<!-- This site is optimized with the Yoast SEO plugin v27.5 - https:\/\/yoast.com\/product\/yoast-seo-wordpress\/ -->\n<title>C\u00f3mo mejorar la distribuci\u00f3n de tu habitaci\u00f3n principal - CTU | Casas en Venta | Fraccionamientos | Residenciales<\/title>\n<meta name=\"robots\" content=\"index, follow, max-snippet:-1, max-image-preview:large, max-video-preview:-1\" \/>\n<link rel=\"canonical\" href=\"https:\/\/www.ctu.com.mx\/casas-en-venta\/blog\/como-mejorar-la-distribucion-de-tu-habitacion-principal\/\" \/>\n<meta property=\"og:locale\" content=\"es_MX\" \/>\n<meta property=\"og:type\" content=\"article\" \/>\n<meta property=\"og:title\" content=\"C\u00f3mo mejorar la distribuci\u00f3n de tu habitaci\u00f3n principal - CTU | Casas en Venta | Fraccionamientos | Residenciales\" \/>\n<meta property=\"og:description\" content=\"Introducci\u00f3n La habitaci\u00f3n principal es mucho m\u00e1s que un lugar para dormir: es un espacio \u00edntimo donde comenzamos y terminamos nuestros d\u00edas. Su dise\u00f1o no solo debe ser est\u00e9tico, sino funcional. Sin embargo, muchas veces pasamos por alto la distribuci\u00f3n del mobiliario, lo que puede provocar sensaci\u00f3n de desorden, incomodidad o incluso estr\u00e9s. Redise\u00f1ar la&hellip;\" \/>\n<meta property=\"og:url\" content=\"https:\/\/www.ctu.com.mx\/casas-en-venta\/blog\/como-mejorar-la-distribucion-de-tu-habitacion-principal\/\" \/>\n<meta property=\"og:site_name\" content=\"CTU | Casas en Venta | Fraccionamientos | Residenciales\" \/>\n<meta property=\"article:publisher\" content=\"https:\/\/www.facebook.com\/ctulife\" \/>\n<meta property=\"article:published_time\" content=\"2025-07-31T15:42:55+00:00\" \/>\n<meta property=\"article:modified_time\" content=\"2025-07-31T15:42:59+00:00\" \/>\n<meta property=\"og:image\" content=\"https:\/\/www.ctu.com.mx\/casas-en-venta\/wp-content\/uploads\/2024\/06\/FOTOS-BLOG-CTU-9.jpg\" \/>\n\t<meta property=\"og:image:width\" content=\"2048\" \/>\n\t<meta property=\"og:image:height\" content=\"1024\" \/>\n\t<meta property=\"og:image:type\" content=\"image\/jpeg\" \/>\n<meta name=\"author\" content=\"Fernando Contreras Villagomez\" \/>\n<meta name=\"twitter:card\" content=\"summary_large_image\" \/>\n<meta name=\"twitter:label1\" content=\"Escrito por\" \/>\n\t<meta name=\"twitter:data1\" content=\"Fernando Contreras Villagomez\" \/>\n\t<meta name=\"twitter:label2\" content=\"Tiempo de lectura\" \/>\n\t<meta name=\"twitter:data2\" content=\"4 minutos\" \/>\n<script type=\"application\/ld+json\" class=\"yoast-schema-graph\">{\"@context\":\"https:\\\/\\\/schema.org\",\"@graph\":[{\"@type\":\"Article\",\"@id\":\"https:\\\/\\\/www.ctu.com.mx\\\/casas-en-venta\\\/blog\\\/como-mejorar-la-distribucion-de-tu-habitacion-principal\\\/#article\",\"isPartOf\":{\"@id\":\"https:\\\/\\\/www.ctu.com.mx\\\/casas-en-venta\\\/blog\\\/como-mejorar-la-distribucion-de-tu-habitacion-principal\\\/\"},\"author\":{\"name\":\"Fernando Contreras Villagomez\",\"@id\":\"https:\\\/\\\/www.ctu.com.mx\\\/casas-en-venta\\\/#\\\/schema\\\/person\\\/3cf25df33d06223293b0a933e3c54c4a\"},\"headline\":\"C\u00f3mo mejorar la distribuci\u00f3n de tu habitaci\u00f3n principal\",\"datePublished\":\"2025-07-31T15:42:55+00:00\",\"dateModified\":\"2025-07-31T15:42:59+00:00\",\"mainEntityOfPage\":{\"@id\":\"https:\\\/\\\/www.ctu.com.mx\\\/casas-en-venta\\\/blog\\\/como-mejorar-la-distribucion-de-tu-habitacion-principal\\\/\"},\"wordCount\":791,\"commentCount\":0,\"publisher\":{\"@id\":\"https:\\\/\\\/www.ctu.com.mx\\\/casas-en-venta\\\/#organization\"},\"image\":{\"@id\":\"https:\\\/\\\/www.ctu.com.mx\\\/casas-en-venta\\\/blog\\\/como-mejorar-la-distribucion-de-tu-habitacion-principal\\\/#primaryimage\"},\"thumbnailUrl\":\"https:\\\/\\\/www.ctu.com.mx\\\/casas-en-venta\\\/wp-content\\\/uploads\\\/2024\\\/06\\\/FOTOS-BLOG-CTU-9.jpg\",\"keywords\":[\"CTU Hogar\",\"CTU Residencial\"],\"articleSection\":[\"Blog\"],\"inLanguage\":\"es\",\"potentialAction\":[{\"@type\":\"CommentAction\",\"name\":\"Comment\",\"target\":[\"https:\\\/\\\/www.ctu.com.mx\\\/casas-en-venta\\\/blog\\\/como-mejorar-la-distribucion-de-tu-habitacion-principal\\\/#respond\"]}]},{\"@type\":\"WebPage\",\"@id\":\"https:\\\/\\\/www.ctu.com.mx\\\/casas-en-venta\\\/blog\\\/como-mejorar-la-distribucion-de-tu-habitacion-principal\\\/\",\"url\":\"https:\\\/\\\/www.ctu.com.mx\\\/casas-en-venta\\\/blog\\\/como-mejorar-la-distribucion-de-tu-habitacion-principal\\\/\",\"name\":\"C\u00f3mo mejorar la distribuci\u00f3n de tu habitaci\u00f3n principal - CTU | Casas en Venta | Fraccionamientos | Residenciales\",\"isPartOf\":{\"@id\":\"https:\\\/\\\/www.ctu.com.mx\\\/casas-en-venta\\\/#website\"},\"primaryImageOfPage\":{\"@id\":\"https:\\\/\\\/www.ctu.com.mx\\\/casas-en-venta\\\/blog\\\/como-mejorar-la-distribucion-de-tu-habitacion-principal\\\/#primaryimage\"},\"image\":{\"@id\":\"https:\\\/\\\/www.ctu.com.mx\\\/casas-en-venta\\\/blog\\\/como-mejorar-la-distribucion-de-tu-habitacion-principal\\\/#primaryimage\"},\"thumbnailUrl\":\"https:\\\/\\\/www.ctu.com.mx\\\/casas-en-venta\\\/wp-content\\\/uploads\\\/2024\\\/06\\\/FOTOS-BLOG-CTU-9.jpg\",\"datePublished\":\"2025-07-31T15:42:55+00:00\",\"dateModified\":\"2025-07-31T15:42:59+00:00\",\"breadcrumb\":{\"@id\":\"https:\\\/\\\/www.ctu.com.mx\\\/casas-en-venta\\\/blog\\\/como-mejorar-la-distribucion-de-tu-habitacion-principal\\\/#breadcrumb\"},\"inLanguage\":\"es\",\"potentialAction\":[{\"@type\":\"ReadAction\",\"target\":[\"https:\\\/\\\/www.ctu.com.mx\\\/casas-en-venta\\\/blog\\\/como-mejorar-la-distribucion-de-tu-habitacion-principal\\\/\"]}]},{\"@type\":\"ImageObject\",\"inLanguage\":\"es\",\"@id\":\"https:\\\/\\\/www.ctu.com.mx\\\/casas-en-venta\\\/blog\\\/como-mejorar-la-distribucion-de-tu-habitacion-principal\\\/#primaryimage\",\"url\":\"https:\\\/\\\/www.ctu.com.mx\\\/casas-en-venta\\\/wp-content\\\/uploads\\\/2024\\\/06\\\/FOTOS-BLOG-CTU-9.jpg\",\"contentUrl\":\"https:\\\/\\\/www.ctu.com.mx\\\/casas-en-venta\\\/wp-content\\\/uploads\\\/2024\\\/06\\\/FOTOS-BLOG-CTU-9.jpg\",\"width\":2048,\"height\":1024},{\"@type\":\"BreadcrumbList\",\"@id\":\"https:\\\/\\\/www.ctu.com.mx\\\/casas-en-venta\\\/blog\\\/como-mejorar-la-distribucion-de-tu-habitacion-principal\\\/#breadcrumb\",\"itemListElement\":[{\"@type\":\"ListItem\",\"position\":1,\"name\":\"Inicio\",\"item\":\"https:\\\/\\\/www.ctu.com.mx\\\/casas-en-venta\\\/\"},{\"@type\":\"ListItem\",\"position\":2,\"name\":\"Blog\",\"item\":\"https:\\\/\\\/www.ctu.com.mx\\\/casas-en-venta\\\/blog\\\/\"},{\"@type\":\"ListItem\",\"position\":3,\"name\":\"C\u00f3mo mejorar la distribuci\u00f3n de tu habitaci\u00f3n principal\"}]},{\"@type\":\"WebSite\",\"@id\":\"https:\\\/\\\/www.ctu.com.mx\\\/casas-en-venta\\\/#website\",\"url\":\"https:\\\/\\\/www.ctu.com.mx\\\/casas-en-venta\\\/\",\"name\":\"CTU Hogar | Casas en Venta por Cr\u00e9dito Infonavit, Fovissste o Banco | Fraccionamientos Residenciales\",\"description\":\"Contamos con residenciales en 6 ciudades de M\u00e9xico: Chihuahua, Cuauht\u00e9moc, Ju\u00e1rez, Le\u00f3n, Hermosillo y Monterrey.  Cada uno de nuestros desarrollos es \u00fanico y cuenta con diferentes opciones de vivienda para todo tipo de familias. T\u00f3mate el tiempo de conocerlos.\",\"publisher\":{\"@id\":\"https:\\\/\\\/www.ctu.com.mx\\\/casas-en-venta\\\/#organization\"},\"potentialAction\":[{\"@type\":\"SearchAction\",\"target\":{\"@type\":\"EntryPoint\",\"urlTemplate\":\"https:\\\/\\\/www.ctu.com.mx\\\/casas-en-venta\\\/?s={search_term_string}\"},\"query-input\":{\"@type\":\"PropertyValueSpecification\",\"valueRequired\":true,\"valueName\":\"search_term_string\"}}],\"inLanguage\":\"es\"},{\"@type\":\"Organization\",\"@id\":\"https:\\\/\\\/www.ctu.com.mx\\\/casas-en-venta\\\/#organization\",\"name\":\"CTU Hogar\",\"url\":\"https:\\\/\\\/www.ctu.com.mx\\\/casas-en-venta\\\/\",\"logo\":{\"@type\":\"ImageObject\",\"inLanguage\":\"es\",\"@id\":\"https:\\\/\\\/www.ctu.com.mx\\\/casas-en-venta\\\/#\\\/schema\\\/logo\\\/image\\\/\",\"url\":\"https:\\\/\\\/www.ctu.com.mx\\\/casas-en-venta\\\/wp-content\\\/uploads\\\/2024\\\/02\\\/logo.png\",\"contentUrl\":\"https:\\\/\\\/www.ctu.com.mx\\\/casas-en-venta\\\/wp-content\\\/uploads\\\/2024\\\/02\\\/logo.png\",\"width\":398,\"height\":538,\"caption\":\"CTU Hogar\"},\"image\":{\"@id\":\"https:\\\/\\\/www.ctu.com.mx\\\/casas-en-venta\\\/#\\\/schema\\\/logo\\\/image\\\/\"},\"sameAs\":[\"https:\\\/\\\/www.facebook.com\\\/ctulife\"]},{\"@type\":\"Person\",\"@id\":\"https:\\\/\\\/www.ctu.com.mx\\\/casas-en-venta\\\/#\\\/schema\\\/person\\\/3cf25df33d06223293b0a933e3c54c4a\",\"name\":\"Fernando Contreras Villagomez\",\"image\":{\"@type\":\"ImageObject\",\"inLanguage\":\"es\",\"@id\":\"https:\\\/\\\/secure.gravatar.com\\\/avatar\\\/309e32d353ed3f535f7dcf649cc0e0b05de86a2008b2fa4a1499061ab99b2047?s=96&d=mm&r=g\",\"url\":\"https:\\\/\\\/secure.gravatar.com\\\/avatar\\\/309e32d353ed3f535f7dcf649cc0e0b05de86a2008b2fa4a1499061ab99b2047?s=96&d=mm&r=g\",\"contentUrl\":\"https:\\\/\\\/secure.gravatar.com\\\/avatar\\\/309e32d353ed3f535f7dcf649cc0e0b05de86a2008b2fa4a1499061ab99b2047?s=96&d=mm&r=g\",\"caption\":\"Fernando Contreras Villagomez\"},\"url\":\"https:\\\/\\\/www.ctu.com.mx\\\/casas-en-venta\\\/author\\\/fcontreras\\\/\"}]}<\/script>\n<!-- \/ Yoast SEO plugin. -->","yoast_head_json":{"title":"C\u00f3mo mejorar la distribuci\u00f3n de tu habitaci\u00f3n principal - CTU | Casas en Venta | Fraccionamientos | Residenciales","robots":{"index":"index","follow":"follow","max-snippet":"max-snippet:-1","max-image-preview":"max-image-preview:large","max-video-preview":"max-video-preview:-1"},"canonical":"https:\/\/www.ctu.com.mx\/casas-en-venta\/blog\/como-mejorar-la-distribucion-de-tu-habitacion-principal\/","og_locale":"es_MX","og_type":"article","og_title":"C\u00f3mo mejorar la distribuci\u00f3n de tu habitaci\u00f3n principal - CTU | Casas en Venta | Fraccionamientos | Residenciales","og_description":"Introducci\u00f3n La habitaci\u00f3n principal es mucho m\u00e1s que un lugar para dormir: es un espacio \u00edntimo donde comenzamos y terminamos nuestros d\u00edas. Su dise\u00f1o no solo debe ser est\u00e9tico, sino funcional. Sin embargo, muchas veces pasamos por alto la distribuci\u00f3n del mobiliario, lo que puede provocar sensaci\u00f3n de desorden, incomodidad o incluso estr\u00e9s. Redise\u00f1ar la&hellip;","og_url":"https:\/\/www.ctu.com.mx\/casas-en-venta\/blog\/como-mejorar-la-distribucion-de-tu-habitacion-principal\/","og_site_name":"CTU | Casas en Venta | Fraccionamientos | Residenciales","article_publisher":"https:\/\/www.facebook.com\/ctulife","article_published_time":"2025-07-31T15:42:55+00:00","article_modified_time":"2025-07-31T15:42:59+00:00","og_image":[{"width":2048,"height":1024,"url":"https:\/\/www.ctu.com.mx\/casas-en-venta\/wp-content\/uploads\/2024\/06\/FOTOS-BLOG-CTU-9.jpg","type":"image\/jpeg"}],"author":"Fernando Contreras Villagomez","twitter_card":"summary_large_image","twitter_misc":{"Escrito por":"Fernando Contreras Villagomez","Tiempo de lectura":"4 minutos"},"schema":{"@context":"https:\/\/schema.org","@graph":[{"@type":"Article","@id":"https:\/\/www.ctu.com.mx\/casas-en-venta\/blog\/como-mejorar-la-distribucion-de-tu-habitacion-principal\/#article","isPartOf":{"@id":"https:\/\/www.ctu.com.mx\/casas-en-venta\/blog\/como-mejorar-la-distribucion-de-tu-habitacion-principal\/"},"author":{"name":"Fernando Contreras Villagomez","@id":"https:\/\/www.ctu.com.mx\/casas-en-venta\/#\/schema\/person\/3cf25df33d06223293b0a933e3c54c4a"},"headline":"C\u00f3mo mejorar la distribuci\u00f3n de tu habitaci\u00f3n principal","datePublished":"2025-07-31T15:42:55+00:00","dateModified":"2025-07-31T15:42:59+00:00","mainEntityOfPage":{"@id":"https:\/\/www.ctu.com.mx\/casas-en-venta\/blog\/como-mejorar-la-distribucion-de-tu-habitacion-principal\/"},"wordCount":791,"commentCount":0,"publisher":{"@id":"https:\/\/www.ctu.com.mx\/casas-en-venta\/#organization"},"image":{"@id":"https:\/\/www.ctu.com.mx\/casas-en-venta\/blog\/como-mejorar-la-distribucion-de-tu-habitacion-principal\/#primaryimage"},"thumbnailUrl":"https:\/\/www.ctu.com.mx\/casas-en-venta\/wp-content\/uploads\/2024\/06\/FOTOS-BLOG-CTU-9.jpg","keywords":["CTU Hogar","CTU Residencial"],"articleSection":["Blog"],"inLanguage":"es","potentialAction":[{"@type":"CommentAction","name":"Comment","target":["https:\/\/www.ctu.com.mx\/casas-en-venta\/blog\/como-mejorar-la-distribucion-de-tu-habitacion-principal\/#respond"]}]},{"@type":"WebPage","@id":"https:\/\/www.ctu.com.mx\/casas-en-venta\/blog\/como-mejorar-la-distribucion-de-tu-habitacion-principal\/","url":"https:\/\/www.ctu.com.mx\/casas-en-venta\/blog\/como-mejorar-la-distribucion-de-tu-habitacion-principal\/","name":"C\u00f3mo mejorar la distribuci\u00f3n de tu habitaci\u00f3n principal - CTU | Casas en Venta | Fraccionamientos | Residenciales","isPartOf":{"@id":"https:\/\/www.ctu.com.mx\/casas-en-venta\/#website"},"primaryImageOfPage":{"@id":"https:\/\/www.ctu.com.mx\/casas-en-venta\/blog\/como-mejorar-la-distribucion-de-tu-habitacion-principal\/#primaryimage"},"image":{"@id":"https:\/\/www.ctu.com.mx\/casas-en-venta\/blog\/como-mejorar-la-distribucion-de-tu-habitacion-principal\/#primaryimage"},"thumbnailUrl":"https:\/\/www.ctu.com.mx\/casas-en-venta\/wp-content\/uploads\/2024\/06\/FOTOS-BLOG-CTU-9.jpg","datePublished":"2025-07-31T15:42:55+00:00","dateModified":"2025-07-31T15:42:59+00:00","breadcrumb":{"@id":"https:\/\/www.ctu.com.mx\/casas-en-venta\/blog\/como-mejorar-la-distribucion-de-tu-habitacion-principal\/#breadcrumb"},"inLanguage":"es","potentialAction":[{"@type":"ReadAction","target":["https:\/\/www.ctu.com.mx\/casas-en-venta\/blog\/como-mejorar-la-distribucion-de-tu-habitacion-principal\/"]}]},{"@type":"ImageObject","inLanguage":"es","@id":"https:\/\/www.ctu.com.mx\/casas-en-venta\/blog\/como-mejorar-la-distribucion-de-tu-habitacion-principal\/#primaryimage","url":"https:\/\/www.ctu.com.mx\/casas-en-venta\/wp-content\/uploads\/2024\/06\/FOTOS-BLOG-CTU-9.jpg","contentUrl":"https:\/\/www.ctu.com.mx\/casas-en-venta\/wp-content\/uploads\/2024\/06\/FOTOS-BLOG-CTU-9.jpg","width":2048,"height":1024},{"@type":"BreadcrumbList","@id":"https:\/\/www.ctu.com.mx\/casas-en-venta\/blog\/como-mejorar-la-distribucion-de-tu-habitacion-principal\/#breadcrumb","itemListElement":[{"@type":"ListItem","position":1,"name":"Inicio","item":"https:\/\/www.ctu.com.mx\/casas-en-venta\/"},{"@type":"ListItem","position":2,"name":"Blog","item":"https:\/\/www.ctu.com.mx\/casas-en-venta\/blog\/"},{"@type":"ListItem","position":3,"name":"C\u00f3mo mejorar la distribuci\u00f3n de tu habitaci\u00f3n principal"}]},{"@type":"WebSite","@id":"https:\/\/www.ctu.com.mx\/casas-en-venta\/#website","url":"https:\/\/www.ctu.com.mx\/casas-en-venta\/","name":"CTU Hogar | Casas en Venta por Cr\u00e9dito Infonavit, Fovissste o Banco | Fraccionamientos Residenciales","description":"Contamos con residenciales en 6 ciudades de M\u00e9xico: Chihuahua, Cuauht\u00e9moc, Ju\u00e1rez, Le\u00f3n, Hermosillo y Monterrey.  Cada uno de nuestros desarrollos es \u00fanico y cuenta con diferentes opciones de vivienda para todo tipo de familias. T\u00f3mate el tiempo de conocerlos.","publisher":{"@id":"https:\/\/www.ctu.com.mx\/casas-en-venta\/#organization"},"potentialAction":[{"@type":"SearchAction","target":{"@type":"EntryPoint","urlTemplate":"https:\/\/www.ctu.com.mx\/casas-en-venta\/?s={search_term_string}"},"query-input":{"@type":"PropertyValueSpecification","valueRequired":true,"valueName":"search_term_string"}}],"inLanguage":"es"},{"@type":"Organization","@id":"https:\/\/www.ctu.com.mx\/casas-en-venta\/#organization","name":"CTU Hogar","url":"https:\/\/www.ctu.com.mx\/casas-en-venta\/","logo":{"@type":"ImageObject","inLanguage":"es","@id":"https:\/\/www.ctu.com.mx\/casas-en-venta\/#\/schema\/logo\/image\/","url":"https:\/\/www.ctu.com.mx\/casas-en-venta\/wp-content\/uploads\/2024\/02\/logo.png","contentUrl":"https:\/\/www.ctu.com.mx\/casas-en-venta\/wp-content\/uploads\/2024\/02\/logo.png","width":398,"height":538,"caption":"CTU Hogar"},"image":{"@id":"https:\/\/www.ctu.com.mx\/casas-en-venta\/#\/schema\/logo\/image\/"},"sameAs":["https:\/\/www.facebook.com\/ctulife"]},{"@type":"Person","@id":"https:\/\/www.ctu.com.mx\/casas-en-venta\/#\/schema\/person\/3cf25df33d06223293b0a933e3c54c4a","name":"Fernando Contreras Villagomez","image":{"@type":"ImageObject","inLanguage":"es","@id":"https:\/\/secure.gravatar.com\/avatar\/309e32d353ed3f535f7dcf649cc0e0b05de86a2008b2fa4a1499061ab99b2047?s=96&d=mm&r=g","url":"https:\/\/secure.gravatar.com\/avatar\/309e32d353ed3f535f7dcf649cc0e0b05de86a2008b2fa4a1499061ab99b2047?s=96&d=mm&r=g","contentUrl":"https:\/\/secure.gravatar.com\/avatar\/309e32d353ed3f535f7dcf649cc0e0b05de86a2008b2fa4a1499061ab99b2047?s=96&d=mm&r=g","caption":"Fernando Contreras Villagomez"},"url":"https:\/\/www.ctu.com.mx\/casas-en-venta\/author\/fcontreras\/"}]}},"jetpack_publicize_connections":[],"jetpack_featured_media_url":"https:\/\/www.ctu.com.mx\/casas-en-venta\/wp-content\/uploads\/2024\/06\/FOTOS-BLOG-CTU-9.jpg","_links":{"self":[{"href":"https:\/\/www.ctu.com.mx\/casas-en-venta\/wp-json\/wp\/v2\/posts\/2718","targetHints":{"allow":["GET"]}}],"collection":[{"href":"https:\/\/www.ctu.com.mx\/casas-en-venta\/wp-json\/wp\/v2\/posts"}],"about":[{"href":"https:\/\/www.ctu.com.mx\/casas-en-venta\/wp-json\/wp\/v2\/types\/post"}],"author":[{"embeddable":true,"href":"https:\/\/www.ctu.com.mx\/casas-en-venta\/wp-json\/wp\/v2\/users\/4"}],"replies":[{"embeddable":true,"href":"https:\/\/www.ctu.com.mx\/casas-en-venta\/wp-json\/wp\/v2\/comments?post=2718"}],"version-history":[{"count":1,"href":"https:\/\/www.ctu.com.mx\/casas-en-venta\/wp-json\/wp\/v2\/posts\/2718\/revisions"}],"predecessor-version":[{"id":2719,"href":"https:\/\/www.ctu.com.mx\/casas-en-venta\/wp-json\/wp\/v2\/posts\/2718\/revisions\/2719"}],"wp:featuredmedia":[{"embeddable":true,"href":"https:\/\/www.ctu.com.mx\/casas-en-venta\/wp-json\/wp\/v2\/media\/2316"}],"wp:attachment":[{"href":"https:\/\/www.ctu.com.mx\/casas-en-venta\/wp-json\/wp\/v2\/media?parent=2718"}],"wp:term":[{"taxonomy":"category","embeddable":true,"href":"https:\/\/www.ctu.com.mx\/casas-en-venta\/wp-json\/wp\/v2\/categories?post=2718"},{"taxonomy":"post_tag","embeddable":true,"href":"https:\/\/www.ctu.com.mx\/casas-en-venta\/wp-json\/wp\/v2\/tags?post=2718"}],"curies":[{"name":"wp","href":"https:\/\/api.w.org\/{rel}","templated":true}]}}