{"id":2593,"date":"2025-05-12T17:49:01","date_gmt":"2025-05-12T23:49:01","guid":{"rendered":"https:\/\/www.ctu.com.mx\/casas-en-venta\/?p=2593"},"modified":"2025-05-12T17:49:11","modified_gmt":"2025-05-12T23:49:11","slug":"como-ctu-obtuvo-distintivo-esr-entrevista-karla-ollivier-ctu_el_podcast_en_audio","status":"publish","type":"post","link":"https:\/\/www.ctu.com.mx\/casas-en-venta\/podcast-audio\/como-ctu-obtuvo-distintivo-esr-entrevista-karla-ollivier-ctu_el_podcast_en_audio\/","title":{"rendered":"C\u00f3mo CTU Obtuvo el Distintivo ESR: Entrevista con Karla Ollivier | El Podcast en Audio | Episodio 1"},"content":{"rendered":"\n<p>En este primer episodio de nuestro podcast, te invitamos a descubrir c\u00f3mo CTU ha logrado obtener el distintivo de Empresa Socialmente Responsable (ESR). Este reconocimiento no solo destaca nuestro compromiso con la comunidad y el medio ambiente, sino que tambi\u00e9n refleja nuestra dedicaci\u00f3n a pr\u00e1cticas empresariales sostenibles y \u00e9ticas. Acomp\u00e1\u00f1anos mientras exploramos el significado de este distintivo y c\u00f3mo CTU se esfuerza por ser un l\u00edder en responsabilidad social dentro del sector inmobiliario. \u00a1No te pierdas esta conversaci\u00f3n inspiradora sobre c\u00f3mo las empresas pueden marcar la diferencia!<\/p>\n\n\n\n<figure class=\"wp-block-audio\"><audio controls src=\"https:\/\/www.ctu.com.mx\/casas-en-venta\/wp-content\/uploads\/2025\/05\/E01-Karla-Ollivier.mp3\" autoplay><\/audio><\/figure>\n","protected":false},"excerpt":{"rendered":"En este primer episodio de nuestro podcast, te invitamos a descubrir c\u00f3mo CTU ha logrado obtener el distintivo de Empresa Socialmente Responsable (ESR). Este reconocimiento no solo destaca nuestro compromiso con la comunidad y el medio ambiente, sino que tambi\u00e9n refleja nuestra dedicaci\u00f3n a pr\u00e1cticas empresariales sostenibles y \u00e9ticas. Acomp\u00e1\u00f1anos mientras exploramos el significado de este distintivo y c\u00f3mo CTU se esfuerza por ser un l\u00edder en responsabilidad social dentro del sector inmobiliario. \u00a1No te pierdas esta conversaci\u00f3n inspiradora sobre c\u00f3mo las empresas pueden marcar la diferencia!","protected":false},"author":2,"featured_media":2487,"comment_status":"open","ping_status":"open","sticky":false,"template":"","format":"standard","meta":{"_acf_changed":false,"rop_custom_images_group":[],"rop_custom_messages_group":[],"rop_publish_now":"initial","rop_publish_now_accounts":[],"rop_publish_now_history":[],"rop_publish_now_status":"pending","footnotes":"","jetpack_publicize_message":"","jetpack_publicize_feature_enabled":true,"jetpack_social_post_already_shared":true,"jetpack_social_options":{"image_generator_settings":{"template":"highway","default_image_id":0,"font":"","enabled":false},"version":2},"_wpas_customize_per_network":false},"categories":[74],"tags":[46,22,75],"class_list":["post-2593","post","type-post","status-publish","format-standard","has-post-thumbnail","hentry","category-podcast-audio","tag-ctu-hogar","tag-ctu-residencial","tag-empresa-socialmente-responsable"],"acf":[],"yoast_head":"<!-- This site is optimized with the Yoast SEO plugin v27.5 - https:\/\/yoast.com\/product\/yoast-seo-wordpress\/ -->\n<title>C\u00f3mo CTU Obtuvo el Distintivo ESR: Entrevista con Karla Ollivier | El Podcast en Audio<\/title>\n<meta name=\"description\" content=\"Descubre c\u00f3mo CTU obtuvo el distintivo ESR en el sector inmobiliario. Entrevista con Karla Ollivier sobre responsabilidad social empresarial.\" \/>\n<meta name=\"robots\" content=\"index, follow, max-snippet:-1, max-image-preview:large, max-video-preview:-1\" \/>\n<link rel=\"canonical\" href=\"https:\/\/www.ctu.com.mx\/casas-en-venta\/podcast-audio\/como-ctu-obtuvo-distintivo-esr-entrevista-karla-ollivier-ctu_el_podcast_en_audio\/\" \/>\n<meta property=\"og:locale\" content=\"es_MX\" \/>\n<meta property=\"og:type\" content=\"article\" \/>\n<meta property=\"og:title\" content=\"C\u00f3mo CTU Obtuvo el Distintivo ESR: Entrevista con Karla Ollivier | El Podcast en Audio\" \/>\n<meta property=\"og:description\" content=\"Descubre c\u00f3mo CTU obtuvo el distintivo ESR en el sector inmobiliario. Entrevista con Karla Ollivier sobre responsabilidad social empresarial.\" \/>\n<meta property=\"og:url\" content=\"https:\/\/www.ctu.com.mx\/casas-en-venta\/podcast-audio\/como-ctu-obtuvo-distintivo-esr-entrevista-karla-ollivier-ctu_el_podcast_en_audio\/\" \/>\n<meta property=\"og:site_name\" content=\"CTU | Casas en Venta | Fraccionamientos | Residenciales\" \/>\n<meta property=\"article:publisher\" content=\"https:\/\/www.facebook.com\/ctulife\" \/>\n<meta property=\"article:published_time\" content=\"2025-05-12T23:49:01+00:00\" \/>\n<meta property=\"article:modified_time\" content=\"2025-05-12T23:49:11+00:00\" \/>\n<meta property=\"og:image\" content=\"https:\/\/www.ctu.com.mx\/casas-en-venta\/wp-content\/uploads\/2025\/02\/EP-01-KARLA-OLLIVIER-PORTADA.jpg\" \/>\n\t<meta property=\"og:image:width\" content=\"1920\" \/>\n\t<meta property=\"og:image:height\" content=\"1080\" \/>\n\t<meta property=\"og:image:type\" content=\"image\/jpeg\" \/>\n<meta name=\"author\" content=\"Octavio Dominguez\" \/>\n<meta name=\"twitter:card\" content=\"summary_large_image\" \/>\n<meta name=\"twitter:label1\" content=\"Escrito por\" \/>\n\t<meta name=\"twitter:data1\" content=\"Octavio Dominguez\" \/>\n\t<meta name=\"twitter:label2\" content=\"Tiempo de lectura\" \/>\n\t<meta name=\"twitter:data2\" content=\"1 minuto\" \/>\n<script type=\"application\/ld+json\" class=\"yoast-schema-graph\">{\"@context\":\"https:\\\/\\\/schema.org\",\"@graph\":[{\"@type\":\"Article\",\"@id\":\"https:\\\/\\\/www.ctu.com.mx\\\/casas-en-venta\\\/podcast-audio\\\/como-ctu-obtuvo-distintivo-esr-entrevista-karla-ollivier-ctu_el_podcast_en_audio\\\/#article\",\"isPartOf\":{\"@id\":\"https:\\\/\\\/www.ctu.com.mx\\\/casas-en-venta\\\/podcast-audio\\\/como-ctu-obtuvo-distintivo-esr-entrevista-karla-ollivier-ctu_el_podcast_en_audio\\\/\"},\"author\":{\"name\":\"Octavio Dominguez\",\"@id\":\"https:\\\/\\\/www.ctu.com.mx\\\/casas-en-venta\\\/#\\\/schema\\\/person\\\/b276be4341fccda5d069d28212eb15b2\"},\"headline\":\"C\u00f3mo CTU Obtuvo el Distintivo ESR: Entrevista con Karla Ollivier | El Podcast en Audio | Episodio 1\",\"datePublished\":\"2025-05-12T23:49:01+00:00\",\"dateModified\":\"2025-05-12T23:49:11+00:00\",\"mainEntityOfPage\":{\"@id\":\"https:\\\/\\\/www.ctu.com.mx\\\/casas-en-venta\\\/podcast-audio\\\/como-ctu-obtuvo-distintivo-esr-entrevista-karla-ollivier-ctu_el_podcast_en_audio\\\/\"},\"wordCount\":112,\"commentCount\":0,\"publisher\":{\"@id\":\"https:\\\/\\\/www.ctu.com.mx\\\/casas-en-venta\\\/#organization\"},\"image\":{\"@id\":\"https:\\\/\\\/www.ctu.com.mx\\\/casas-en-venta\\\/podcast-audio\\\/como-ctu-obtuvo-distintivo-esr-entrevista-karla-ollivier-ctu_el_podcast_en_audio\\\/#primaryimage\"},\"thumbnailUrl\":\"https:\\\/\\\/www.ctu.com.mx\\\/casas-en-venta\\\/wp-content\\\/uploads\\\/2025\\\/02\\\/EP-01-KARLA-OLLIVIER-PORTADA.jpg\",\"keywords\":[\"CTU Hogar\",\"CTU Residencial\",\"Empresa Socialmente Responsable\"],\"articleSection\":[\"El Podcast CTU En Audio\"],\"inLanguage\":\"es\",\"potentialAction\":[{\"@type\":\"CommentAction\",\"name\":\"Comment\",\"target\":[\"https:\\\/\\\/www.ctu.com.mx\\\/casas-en-venta\\\/podcast-audio\\\/como-ctu-obtuvo-distintivo-esr-entrevista-karla-ollivier-ctu_el_podcast_en_audio\\\/#respond\"]}]},{\"@type\":\"WebPage\",\"@id\":\"https:\\\/\\\/www.ctu.com.mx\\\/casas-en-venta\\\/podcast-audio\\\/como-ctu-obtuvo-distintivo-esr-entrevista-karla-ollivier-ctu_el_podcast_en_audio\\\/\",\"url\":\"https:\\\/\\\/www.ctu.com.mx\\\/casas-en-venta\\\/podcast-audio\\\/como-ctu-obtuvo-distintivo-esr-entrevista-karla-ollivier-ctu_el_podcast_en_audio\\\/\",\"name\":\"C\u00f3mo CTU Obtuvo el Distintivo ESR: Entrevista con Karla Ollivier | El Podcast en Audio\",\"isPartOf\":{\"@id\":\"https:\\\/\\\/www.ctu.com.mx\\\/casas-en-venta\\\/#website\"},\"primaryImageOfPage\":{\"@id\":\"https:\\\/\\\/www.ctu.com.mx\\\/casas-en-venta\\\/podcast-audio\\\/como-ctu-obtuvo-distintivo-esr-entrevista-karla-ollivier-ctu_el_podcast_en_audio\\\/#primaryimage\"},\"image\":{\"@id\":\"https:\\\/\\\/www.ctu.com.mx\\\/casas-en-venta\\\/podcast-audio\\\/como-ctu-obtuvo-distintivo-esr-entrevista-karla-ollivier-ctu_el_podcast_en_audio\\\/#primaryimage\"},\"thumbnailUrl\":\"https:\\\/\\\/www.ctu.com.mx\\\/casas-en-venta\\\/wp-content\\\/uploads\\\/2025\\\/02\\\/EP-01-KARLA-OLLIVIER-PORTADA.jpg\",\"datePublished\":\"2025-05-12T23:49:01+00:00\",\"dateModified\":\"2025-05-12T23:49:11+00:00\",\"description\":\"Descubre c\u00f3mo CTU obtuvo el distintivo ESR en el sector inmobiliario. Entrevista con Karla Ollivier sobre responsabilidad social empresarial.\",\"breadcrumb\":{\"@id\":\"https:\\\/\\\/www.ctu.com.mx\\\/casas-en-venta\\\/podcast-audio\\\/como-ctu-obtuvo-distintivo-esr-entrevista-karla-ollivier-ctu_el_podcast_en_audio\\\/#breadcrumb\"},\"inLanguage\":\"es\",\"potentialAction\":[{\"@type\":\"ReadAction\",\"target\":[\"https:\\\/\\\/www.ctu.com.mx\\\/casas-en-venta\\\/podcast-audio\\\/como-ctu-obtuvo-distintivo-esr-entrevista-karla-ollivier-ctu_el_podcast_en_audio\\\/\"]}]},{\"@type\":\"ImageObject\",\"inLanguage\":\"es\",\"@id\":\"https:\\\/\\\/www.ctu.com.mx\\\/casas-en-venta\\\/podcast-audio\\\/como-ctu-obtuvo-distintivo-esr-entrevista-karla-ollivier-ctu_el_podcast_en_audio\\\/#primaryimage\",\"url\":\"https:\\\/\\\/www.ctu.com.mx\\\/casas-en-venta\\\/wp-content\\\/uploads\\\/2025\\\/02\\\/EP-01-KARLA-OLLIVIER-PORTADA.jpg\",\"contentUrl\":\"https:\\\/\\\/www.ctu.com.mx\\\/casas-en-venta\\\/wp-content\\\/uploads\\\/2025\\\/02\\\/EP-01-KARLA-OLLIVIER-PORTADA.jpg\",\"width\":1920,\"height\":1080,\"caption\":\"Instant\u00e1nea de Karla Ollivier, parte del grupo estrat\u00e9gico que llev\u00f3 a CTU a obtener el distintivo de Empresa Socialmente Responsable\"},{\"@type\":\"BreadcrumbList\",\"@id\":\"https:\\\/\\\/www.ctu.com.mx\\\/casas-en-venta\\\/podcast-audio\\\/como-ctu-obtuvo-distintivo-esr-entrevista-karla-ollivier-ctu_el_podcast_en_audio\\\/#breadcrumb\",\"itemListElement\":[{\"@type\":\"ListItem\",\"position\":1,\"name\":\"Inicio\",\"item\":\"https:\\\/\\\/www.ctu.com.mx\\\/casas-en-venta\\\/\"},{\"@type\":\"ListItem\",\"position\":2,\"name\":\"El Podcast CTU En Audio\",\"item\":\"https:\\\/\\\/www.ctu.com.mx\\\/casas-en-venta\\\/podcast-audio\\\/\"},{\"@type\":\"ListItem\",\"position\":3,\"name\":\"C\u00f3mo CTU Obtuvo el Distintivo ESR: Entrevista con Karla Ollivier | El Podcast en Audio | Episodio 1\"}]},{\"@type\":\"WebSite\",\"@id\":\"https:\\\/\\\/www.ctu.com.mx\\\/casas-en-venta\\\/#website\",\"url\":\"https:\\\/\\\/www.ctu.com.mx\\\/casas-en-venta\\\/\",\"name\":\"CTU Hogar | Casas en Venta por Cr\u00e9dito Infonavit, Fovissste o Banco | Fraccionamientos Residenciales\",\"description\":\"Contamos con residenciales en 6 ciudades de M\u00e9xico: Chihuahua, Cuauht\u00e9moc, Ju\u00e1rez, Le\u00f3n, Hermosillo y Monterrey.  Cada uno de nuestros desarrollos es \u00fanico y cuenta con diferentes opciones de vivienda para todo tipo de familias. T\u00f3mate el tiempo de conocerlos.\",\"publisher\":{\"@id\":\"https:\\\/\\\/www.ctu.com.mx\\\/casas-en-venta\\\/#organization\"},\"potentialAction\":[{\"@type\":\"SearchAction\",\"target\":{\"@type\":\"EntryPoint\",\"urlTemplate\":\"https:\\\/\\\/www.ctu.com.mx\\\/casas-en-venta\\\/?s={search_term_string}\"},\"query-input\":{\"@type\":\"PropertyValueSpecification\",\"valueRequired\":true,\"valueName\":\"search_term_string\"}}],\"inLanguage\":\"es\"},{\"@type\":\"Organization\",\"@id\":\"https:\\\/\\\/www.ctu.com.mx\\\/casas-en-venta\\\/#organization\",\"name\":\"CTU Hogar\",\"url\":\"https:\\\/\\\/www.ctu.com.mx\\\/casas-en-venta\\\/\",\"logo\":{\"@type\":\"ImageObject\",\"inLanguage\":\"es\",\"@id\":\"https:\\\/\\\/www.ctu.com.mx\\\/casas-en-venta\\\/#\\\/schema\\\/logo\\\/image\\\/\",\"url\":\"https:\\\/\\\/www.ctu.com.mx\\\/casas-en-venta\\\/wp-content\\\/uploads\\\/2024\\\/02\\\/logo.png\",\"contentUrl\":\"https:\\\/\\\/www.ctu.com.mx\\\/casas-en-venta\\\/wp-content\\\/uploads\\\/2024\\\/02\\\/logo.png\",\"width\":398,\"height\":538,\"caption\":\"CTU Hogar\"},\"image\":{\"@id\":\"https:\\\/\\\/www.ctu.com.mx\\\/casas-en-venta\\\/#\\\/schema\\\/logo\\\/image\\\/\"},\"sameAs\":[\"https:\\\/\\\/www.facebook.com\\\/ctulife\"]},{\"@type\":\"Person\",\"@id\":\"https:\\\/\\\/www.ctu.com.mx\\\/casas-en-venta\\\/#\\\/schema\\\/person\\\/b276be4341fccda5d069d28212eb15b2\",\"name\":\"Octavio Dominguez\",\"image\":{\"@type\":\"ImageObject\",\"inLanguage\":\"es\",\"@id\":\"https:\\\/\\\/secure.gravatar.com\\\/avatar\\\/7f9ab8128585a59cc4a7134093590f549cbf7ab7cf3bd964cee6337780a16e99?s=96&d=mm&r=g\",\"url\":\"https:\\\/\\\/secure.gravatar.com\\\/avatar\\\/7f9ab8128585a59cc4a7134093590f549cbf7ab7cf3bd964cee6337780a16e99?s=96&d=mm&r=g\",\"contentUrl\":\"https:\\\/\\\/secure.gravatar.com\\\/avatar\\\/7f9ab8128585a59cc4a7134093590f549cbf7ab7cf3bd964cee6337780a16e99?s=96&d=mm&r=g\",\"caption\":\"Octavio Dominguez\"},\"description\":\"Escritor en CTU\",\"url\":\"https:\\\/\\\/www.ctu.com.mx\\\/casas-en-venta\\\/author\\\/mercadotecnia\\\/\"}]}<\/script>\n<!-- \/ Yoast SEO plugin. -->","yoast_head_json":{"title":"C\u00f3mo CTU Obtuvo el Distintivo ESR: Entrevista con Karla Ollivier | El Podcast en Audio","description":"Descubre c\u00f3mo CTU obtuvo el distintivo ESR en el sector inmobiliario. Entrevista con Karla Ollivier sobre responsabilidad social empresarial.","robots":{"index":"index","follow":"follow","max-snippet":"max-snippet:-1","max-image-preview":"max-image-preview:large","max-video-preview":"max-video-preview:-1"},"canonical":"https:\/\/www.ctu.com.mx\/casas-en-venta\/podcast-audio\/como-ctu-obtuvo-distintivo-esr-entrevista-karla-ollivier-ctu_el_podcast_en_audio\/","og_locale":"es_MX","og_type":"article","og_title":"C\u00f3mo CTU Obtuvo el Distintivo ESR: Entrevista con Karla Ollivier | El Podcast en Audio","og_description":"Descubre c\u00f3mo CTU obtuvo el distintivo ESR en el sector inmobiliario. Entrevista con Karla Ollivier sobre responsabilidad social empresarial.","og_url":"https:\/\/www.ctu.com.mx\/casas-en-venta\/podcast-audio\/como-ctu-obtuvo-distintivo-esr-entrevista-karla-ollivier-ctu_el_podcast_en_audio\/","og_site_name":"CTU | Casas en Venta | Fraccionamientos | Residenciales","article_publisher":"https:\/\/www.facebook.com\/ctulife","article_published_time":"2025-05-12T23:49:01+00:00","article_modified_time":"2025-05-12T23:49:11+00:00","og_image":[{"width":1920,"height":1080,"url":"https:\/\/www.ctu.com.mx\/casas-en-venta\/wp-content\/uploads\/2025\/02\/EP-01-KARLA-OLLIVIER-PORTADA.jpg","type":"image\/jpeg"}],"author":"Octavio Dominguez","twitter_card":"summary_large_image","twitter_misc":{"Escrito por":"Octavio Dominguez","Tiempo de lectura":"1 minuto"},"schema":{"@context":"https:\/\/schema.org","@graph":[{"@type":"Article","@id":"https:\/\/www.ctu.com.mx\/casas-en-venta\/podcast-audio\/como-ctu-obtuvo-distintivo-esr-entrevista-karla-ollivier-ctu_el_podcast_en_audio\/#article","isPartOf":{"@id":"https:\/\/www.ctu.com.mx\/casas-en-venta\/podcast-audio\/como-ctu-obtuvo-distintivo-esr-entrevista-karla-ollivier-ctu_el_podcast_en_audio\/"},"author":{"name":"Octavio Dominguez","@id":"https:\/\/www.ctu.com.mx\/casas-en-venta\/#\/schema\/person\/b276be4341fccda5d069d28212eb15b2"},"headline":"C\u00f3mo CTU Obtuvo el Distintivo ESR: Entrevista con Karla Ollivier | El Podcast en Audio | Episodio 1","datePublished":"2025-05-12T23:49:01+00:00","dateModified":"2025-05-12T23:49:11+00:00","mainEntityOfPage":{"@id":"https:\/\/www.ctu.com.mx\/casas-en-venta\/podcast-audio\/como-ctu-obtuvo-distintivo-esr-entrevista-karla-ollivier-ctu_el_podcast_en_audio\/"},"wordCount":112,"commentCount":0,"publisher":{"@id":"https:\/\/www.ctu.com.mx\/casas-en-venta\/#organization"},"image":{"@id":"https:\/\/www.ctu.com.mx\/casas-en-venta\/podcast-audio\/como-ctu-obtuvo-distintivo-esr-entrevista-karla-ollivier-ctu_el_podcast_en_audio\/#primaryimage"},"thumbnailUrl":"https:\/\/www.ctu.com.mx\/casas-en-venta\/wp-content\/uploads\/2025\/02\/EP-01-KARLA-OLLIVIER-PORTADA.jpg","keywords":["CTU Hogar","CTU Residencial","Empresa Socialmente Responsable"],"articleSection":["El Podcast CTU En Audio"],"inLanguage":"es","potentialAction":[{"@type":"CommentAction","name":"Comment","target":["https:\/\/www.ctu.com.mx\/casas-en-venta\/podcast-audio\/como-ctu-obtuvo-distintivo-esr-entrevista-karla-ollivier-ctu_el_podcast_en_audio\/#respond"]}]},{"@type":"WebPage","@id":"https:\/\/www.ctu.com.mx\/casas-en-venta\/podcast-audio\/como-ctu-obtuvo-distintivo-esr-entrevista-karla-ollivier-ctu_el_podcast_en_audio\/","url":"https:\/\/www.ctu.com.mx\/casas-en-venta\/podcast-audio\/como-ctu-obtuvo-distintivo-esr-entrevista-karla-ollivier-ctu_el_podcast_en_audio\/","name":"C\u00f3mo CTU Obtuvo el Distintivo ESR: Entrevista con Karla Ollivier | El Podcast en Audio","isPartOf":{"@id":"https:\/\/www.ctu.com.mx\/casas-en-venta\/#website"},"primaryImageOfPage":{"@id":"https:\/\/www.ctu.com.mx\/casas-en-venta\/podcast-audio\/como-ctu-obtuvo-distintivo-esr-entrevista-karla-ollivier-ctu_el_podcast_en_audio\/#primaryimage"},"image":{"@id":"https:\/\/www.ctu.com.mx\/casas-en-venta\/podcast-audio\/como-ctu-obtuvo-distintivo-esr-entrevista-karla-ollivier-ctu_el_podcast_en_audio\/#primaryimage"},"thumbnailUrl":"https:\/\/www.ctu.com.mx\/casas-en-venta\/wp-content\/uploads\/2025\/02\/EP-01-KARLA-OLLIVIER-PORTADA.jpg","datePublished":"2025-05-12T23:49:01+00:00","dateModified":"2025-05-12T23:49:11+00:00","description":"Descubre c\u00f3mo CTU obtuvo el distintivo ESR en el sector inmobiliario. Entrevista con Karla Ollivier sobre responsabilidad social empresarial.","breadcrumb":{"@id":"https:\/\/www.ctu.com.mx\/casas-en-venta\/podcast-audio\/como-ctu-obtuvo-distintivo-esr-entrevista-karla-ollivier-ctu_el_podcast_en_audio\/#breadcrumb"},"inLanguage":"es","potentialAction":[{"@type":"ReadAction","target":["https:\/\/www.ctu.com.mx\/casas-en-venta\/podcast-audio\/como-ctu-obtuvo-distintivo-esr-entrevista-karla-ollivier-ctu_el_podcast_en_audio\/"]}]},{"@type":"ImageObject","inLanguage":"es","@id":"https:\/\/www.ctu.com.mx\/casas-en-venta\/podcast-audio\/como-ctu-obtuvo-distintivo-esr-entrevista-karla-ollivier-ctu_el_podcast_en_audio\/#primaryimage","url":"https:\/\/www.ctu.com.mx\/casas-en-venta\/wp-content\/uploads\/2025\/02\/EP-01-KARLA-OLLIVIER-PORTADA.jpg","contentUrl":"https:\/\/www.ctu.com.mx\/casas-en-venta\/wp-content\/uploads\/2025\/02\/EP-01-KARLA-OLLIVIER-PORTADA.jpg","width":1920,"height":1080,"caption":"Instant\u00e1nea de Karla Ollivier, parte del grupo estrat\u00e9gico que llev\u00f3 a CTU a obtener el distintivo de Empresa Socialmente Responsable"},{"@type":"BreadcrumbList","@id":"https:\/\/www.ctu.com.mx\/casas-en-venta\/podcast-audio\/como-ctu-obtuvo-distintivo-esr-entrevista-karla-ollivier-ctu_el_podcast_en_audio\/#breadcrumb","itemListElement":[{"@type":"ListItem","position":1,"name":"Inicio","item":"https:\/\/www.ctu.com.mx\/casas-en-venta\/"},{"@type":"ListItem","position":2,"name":"El Podcast CTU En Audio","item":"https:\/\/www.ctu.com.mx\/casas-en-venta\/podcast-audio\/"},{"@type":"ListItem","position":3,"name":"C\u00f3mo CTU Obtuvo el Distintivo ESR: Entrevista con Karla Ollivier | El Podcast en Audio | Episodio 1"}]},{"@type":"WebSite","@id":"https:\/\/www.ctu.com.mx\/casas-en-venta\/#website","url":"https:\/\/www.ctu.com.mx\/casas-en-venta\/","name":"CTU Hogar | Casas en Venta por Cr\u00e9dito Infonavit, Fovissste o Banco | Fraccionamientos Residenciales","description":"Contamos con residenciales en 6 ciudades de M\u00e9xico: Chihuahua, Cuauht\u00e9moc, Ju\u00e1rez, Le\u00f3n, Hermosillo y Monterrey.  Cada uno de nuestros desarrollos es \u00fanico y cuenta con diferentes opciones de vivienda para todo tipo de familias. T\u00f3mate el tiempo de conocerlos.","publisher":{"@id":"https:\/\/www.ctu.com.mx\/casas-en-venta\/#organization"},"potentialAction":[{"@type":"SearchAction","target":{"@type":"EntryPoint","urlTemplate":"https:\/\/www.ctu.com.mx\/casas-en-venta\/?s={search_term_string}"},"query-input":{"@type":"PropertyValueSpecification","valueRequired":true,"valueName":"search_term_string"}}],"inLanguage":"es"},{"@type":"Organization","@id":"https:\/\/www.ctu.com.mx\/casas-en-venta\/#organization","name":"CTU Hogar","url":"https:\/\/www.ctu.com.mx\/casas-en-venta\/","logo":{"@type":"ImageObject","inLanguage":"es","@id":"https:\/\/www.ctu.com.mx\/casas-en-venta\/#\/schema\/logo\/image\/","url":"https:\/\/www.ctu.com.mx\/casas-en-venta\/wp-content\/uploads\/2024\/02\/logo.png","contentUrl":"https:\/\/www.ctu.com.mx\/casas-en-venta\/wp-content\/uploads\/2024\/02\/logo.png","width":398,"height":538,"caption":"CTU Hogar"},"image":{"@id":"https:\/\/www.ctu.com.mx\/casas-en-venta\/#\/schema\/logo\/image\/"},"sameAs":["https:\/\/www.facebook.com\/ctulife"]},{"@type":"Person","@id":"https:\/\/www.ctu.com.mx\/casas-en-venta\/#\/schema\/person\/b276be4341fccda5d069d28212eb15b2","name":"Octavio Dominguez","image":{"@type":"ImageObject","inLanguage":"es","@id":"https:\/\/secure.gravatar.com\/avatar\/7f9ab8128585a59cc4a7134093590f549cbf7ab7cf3bd964cee6337780a16e99?s=96&d=mm&r=g","url":"https:\/\/secure.gravatar.com\/avatar\/7f9ab8128585a59cc4a7134093590f549cbf7ab7cf3bd964cee6337780a16e99?s=96&d=mm&r=g","contentUrl":"https:\/\/secure.gravatar.com\/avatar\/7f9ab8128585a59cc4a7134093590f549cbf7ab7cf3bd964cee6337780a16e99?s=96&d=mm&r=g","caption":"Octavio Dominguez"},"description":"Escritor en CTU","url":"https:\/\/www.ctu.com.mx\/casas-en-venta\/author\/mercadotecnia\/"}]}},"jetpack_publicize_connections":[],"jetpack_featured_media_url":"https:\/\/www.ctu.com.mx\/casas-en-venta\/wp-content\/uploads\/2025\/02\/EP-01-KARLA-OLLIVIER-PORTADA.jpg","_links":{"self":[{"href":"https:\/\/www.ctu.com.mx\/casas-en-venta\/wp-json\/wp\/v2\/posts\/2593","targetHints":{"allow":["GET"]}}],"collection":[{"href":"https:\/\/www.ctu.com.mx\/casas-en-venta\/wp-json\/wp\/v2\/posts"}],"about":[{"href":"https:\/\/www.ctu.com.mx\/casas-en-venta\/wp-json\/wp\/v2\/types\/post"}],"author":[{"embeddable":true,"href":"https:\/\/www.ctu.com.mx\/casas-en-venta\/wp-json\/wp\/v2\/users\/2"}],"replies":[{"embeddable":true,"href":"https:\/\/www.ctu.com.mx\/casas-en-venta\/wp-json\/wp\/v2\/comments?post=2593"}],"version-history":[{"count":1,"href":"https:\/\/www.ctu.com.mx\/casas-en-venta\/wp-json\/wp\/v2\/posts\/2593\/revisions"}],"predecessor-version":[{"id":2595,"href":"https:\/\/www.ctu.com.mx\/casas-en-venta\/wp-json\/wp\/v2\/posts\/2593\/revisions\/2595"}],"wp:featuredmedia":[{"embeddable":true,"href":"https:\/\/www.ctu.com.mx\/casas-en-venta\/wp-json\/wp\/v2\/media\/2487"}],"wp:attachment":[{"href":"https:\/\/www.ctu.com.mx\/casas-en-venta\/wp-json\/wp\/v2\/media?parent=2593"}],"wp:term":[{"taxonomy":"category","embeddable":true,"href":"https:\/\/www.ctu.com.mx\/casas-en-venta\/wp-json\/wp\/v2\/categories?post=2593"},{"taxonomy":"post_tag","embeddable":true,"href":"https:\/\/www.ctu.com.mx\/casas-en-venta\/wp-json\/wp\/v2\/tags?post=2593"}],"curies":[{"name":"wp","href":"https:\/\/api.w.org\/{rel}","templated":true}]}}